{"id":2626,"date":"2021-10-22T11:55:00","date_gmt":"2021-10-22T09:55:00","guid":{"rendered":"https:\/\/www.amarencogroup.com\/meeting-between-amarenco-and-mr-christophe-grudler-mep\/"},"modified":"2021-10-29T11:57:34","modified_gmt":"2021-10-29T09:57:34","slug":"meeting-between-amarenco-and-mr-christophe-grudler-mep","status":"publish","type":"post","link":"https:\/\/www.amarencogroup.com\/en\/meeting-between-amarenco-and-mr-christophe-grudler-mep\/","title":{"rendered":"MEETING BETWEEN AMARENCO AND MR. CHRISTOPHE GRUDLER, MEP"},"content":{"rendered":"\n<p class=\"wp-block-paragraph\">On Friday, October 22, following a working session at the Chamber of Commerce and Industry of the Tarn, MEPs Mr. Christophe Grudler and Ms. Val\u00e9rie Hayer visited the headquarters of Amarenco France in Lagrave. They were accompanied by Mrs. Marie-Christine Verdier-Jouclas, deputy of the Tarn, and Mr. Michel Bossi, President of the CCI of the Tarn.<\/p>\n\n\n\n<p class=\"wp-block-paragraph\">All the issues relevant to solar energy production were discussed, demonstrating the vitality of this key sector for a dynamic and innovative Europe in line with the objectives of the Paris Agreements and the European Green Pact : <\/p>\n\n\n\n<p class=\"wp-block-paragraph\">\u274f European industry and innovation <\/p>\n\n\n\n<p class=\"wp-block-paragraph\">\u274f Agrisolar, storage and hydrogen <\/p>\n\n\n\n<p class=\"wp-block-paragraph\">\u274f Life cycle and social and environmental impacts <\/p>\n\n\n\n<p class=\"wp-block-paragraph\">\u274f Project acceptability, financing costs and simplification of administrative procedures<\/p>\n\n\n\n<p class=\"wp-block-paragraph\">Our sector is booming, but still under considerable stress due to the pandemic and its impact on the entire international supply chain and needs to be brought high on the political agenda.\r\n<\/p>\n\n\n\n<p class=\"wp-block-paragraph\"><\/p>\n\n\n\n<p class=\"wp-block-paragraph\"><a href=\"https:\/\/www.amarencogroup.com\/amarenco-entre-sur-le-marche-solaire-espagnol\/#\"><\/a><\/p>\n","protected":false},"excerpt":{"rendered":"<p>On Friday, October 22, following a working session at the Chamber of Commerce and Industry of the Tarn, MEPs Mr. Christophe Grudler and Ms. Val\u00e9rie Hayer visited the headquarters of Amarenco France in Lagrave. They were accompanied by Mrs. Marie-Christine Verdier-Jouclas, deputy of the Tarn, and Mr. Michel Bossi, President of the CCI of the Tarn.<\/p>\n","protected":false},"author":4,"featured_media":2621,"comment_status":"closed","ping_status":"closed","sticky":false,"template":"","format":"standard","meta":{"_acf_changed":false,"inline_featured_image":false,"footnotes":""},"categories":[64],"tags":[],"class_list":["post-2626","post","type-post","status-publish","format-standard","has-post-thumbnail","hentry","category-category-2"],"acf":[],"aioseo_notices":[],"aioseo_head":"\n\t\t<!-- All in One SEO 5.0.1.1 - aioseo.com -->\n\t<meta name=\"description\" content=\"On Friday, October 22, following a working session at the Chamber of Commerce and Industry of the Tarn, MEPs Mr. Christophe Grudler and Ms. Val\u00e9rie Hayer visited the headquarters of Amarenco France in Lagrave. They were accompanied by Mrs. Marie-Christine Verdier-Jouclas, deputy of the Tarn, and Mr. Michel Bossi, President of the CCI of the Tarn.\" \/>\n\t<meta name=\"robots\" content=\"max-image-preview:large\" \/>\n\t<meta name=\"author\" content=\"Ecoberac\"\/>\n\t<link rel=\"canonical\" href=\"https:\/\/www.amarencogroup.com\/en\/meeting-between-amarenco-and-mr-christophe-grudler-mep\/\" \/>\n\t<meta name=\"generator\" content=\"All in One SEO (AIOSEO) 5.0.1.1\" \/>\n\t\t<meta property=\"og:locale\" content=\"en_US\" \/>\n\t\t<meta property=\"og:site_name\" content=\"Amarenco - Producteur ind\u00e9pendant d&#039;\u00e9nergie photovolta\u00efque\" \/>\n\t\t<meta property=\"og:type\" content=\"article\" \/>\n\t\t<meta property=\"og:title\" content=\"MEETING BETWEEN AMARENCO AND MR. CHRISTOPHE GRUDLER, MEP - Amarenco\" \/>\n\t\t<meta property=\"og:description\" content=\"On Friday, October 22, following a working session at the Chamber of Commerce and Industry of the Tarn, MEPs Mr. Christophe Grudler and Ms. Val\u00e9rie Hayer visited the headquarters of Amarenco France in Lagrave. They were accompanied by Mrs. Marie-Christine Verdier-Jouclas, deputy of the Tarn, and Mr. Michel Bossi, President of the CCI of the Tarn.\" \/>\n\t\t<meta property=\"og:url\" content=\"https:\/\/www.amarencogroup.com\/en\/meeting-between-amarenco-and-mr-christophe-grudler-mep\/\" \/>\n\t\t<meta property=\"og:image\" content=\"https:\/\/amarenco.manitoba.fr\/wp-content\/uploads\/2021\/09\/header@2x-1.jpg\" \/>\n\t\t<meta property=\"og:image:secure_url\" content=\"https:\/\/amarenco.manitoba.fr\/wp-content\/uploads\/2021\/09\/header@2x-1.jpg\" \/>\n\t\t<meta property=\"article:published_time\" content=\"2021-10-22T09:55:00+00:00\" \/>\n\t\t<meta property=\"article:modified_time\" content=\"2021-10-29T09:57:34+00:00\" \/>\n\t\t<meta name=\"twitter:card\" content=\"summary\" \/>\n\t\t<meta name=\"twitter:title\" content=\"MEETING BETWEEN AMARENCO AND MR. CHRISTOPHE GRUDLER, MEP - Amarenco\" \/>\n\t\t<meta name=\"twitter:description\" content=\"On Friday, October 22, following a working session at the Chamber of Commerce and Industry of the Tarn, MEPs Mr. Christophe Grudler and Ms. Val\u00e9rie Hayer visited the headquarters of Amarenco France in Lagrave. They were accompanied by Mrs. Marie-Christine Verdier-Jouclas, deputy of the Tarn, and Mr. Michel Bossi, President of the CCI of the Tarn.\" \/>\n\t\t<meta name=\"twitter:image\" content=\"https:\/\/amarenco.manitoba.fr\/wp-content\/uploads\/2021\/09\/header@2x-1.jpg\" \/>\n\t\t<script type=\"application\/ld+json\" class=\"aioseo-schema\">\n\t\t\t{\"@context\":\"https:\\\/\\\/schema.org\",\"@graph\":[{\"@type\":\"BlogPosting\",\"@id\":\"https:\\\/\\\/www.amarencogroup.com\\\/en\\\/meeting-between-amarenco-and-mr-christophe-grudler-mep\\\/#blogposting\",\"name\":\"MEETING BETWEEN AMARENCO AND MR. CHRISTOPHE GRUDLER, MEP - Amarenco\",\"headline\":\"MEETING BETWEEN AMARENCO AND MR. CHRISTOPHE GRUDLER, MEP\",\"author\":{\"@id\":\"https:\\\/\\\/www.amarencogroup.com\\\/en\\\/author\\\/ecoberac\\\/#author\"},\"publisher\":{\"@id\":\"https:\\\/\\\/www.amarencogroup.com\\\/en\\\/#organization\"},\"image\":{\"@type\":\"ImageObject\",\"url\":\"https:\\\/\\\/www.amarencogroup.com\\\/wp-content\\\/uploads\\\/2021\\\/10\\\/0036.jpg\",\"width\":1920,\"height\":1280},\"datePublished\":\"2021-10-22T11:55:00+02:00\",\"dateModified\":\"2021-10-29T11:57:34+02:00\",\"inLanguage\":\"en-US\",\"mainEntityOfPage\":{\"@id\":\"https:\\\/\\\/www.amarencogroup.com\\\/en\\\/meeting-between-amarenco-and-mr-christophe-grudler-mep\\\/#webpage\"},\"isPartOf\":{\"@id\":\"https:\\\/\\\/www.amarencogroup.com\\\/en\\\/meeting-between-amarenco-and-mr-christophe-grudler-mep\\\/#webpage\"},\"articleSection\":\"Category 2, Optional\"},{\"@type\":\"BreadcrumbList\",\"@id\":\"https:\\\/\\\/www.amarencogroup.com\\\/en\\\/meeting-between-amarenco-and-mr-christophe-grudler-mep\\\/#breadcrumblist\",\"itemListElement\":[{\"@type\":\"ListItem\",\"@id\":\"https:\\\/\\\/www.amarencogroup.com\\\/en\\\/#listItem\",\"position\":1,\"name\":\"Accueil\",\"item\":\"https:\\\/\\\/www.amarencogroup.com\\\/en\\\/\",\"nextItem\":{\"@type\":\"ListItem\",\"@id\":\"https:\\\/\\\/www.amarencogroup.com\\\/en\\\/category\\\/category-2\\\/#listItem\",\"name\":\"Category 2\"}},{\"@type\":\"ListItem\",\"@id\":\"https:\\\/\\\/www.amarencogroup.com\\\/en\\\/category\\\/category-2\\\/#listItem\",\"position\":2,\"name\":\"Category 2\",\"item\":\"https:\\\/\\\/www.amarencogroup.com\\\/en\\\/category\\\/category-2\\\/\",\"nextItem\":{\"@type\":\"ListItem\",\"@id\":\"https:\\\/\\\/www.amarencogroup.com\\\/en\\\/meeting-between-amarenco-and-mr-christophe-grudler-mep\\\/#listItem\",\"name\":\"MEETING BETWEEN AMARENCO AND MR. CHRISTOPHE GRUDLER, MEP\"},\"previousItem\":{\"@type\":\"ListItem\",\"@id\":\"https:\\\/\\\/www.amarencogroup.com\\\/en\\\/#listItem\",\"name\":\"Accueil\"}},{\"@type\":\"ListItem\",\"@id\":\"https:\\\/\\\/www.amarencogroup.com\\\/en\\\/meeting-between-amarenco-and-mr-christophe-grudler-mep\\\/#listItem\",\"position\":3,\"name\":\"MEETING BETWEEN AMARENCO AND MR. CHRISTOPHE GRUDLER, MEP\",\"previousItem\":{\"@type\":\"ListItem\",\"@id\":\"https:\\\/\\\/www.amarencogroup.com\\\/en\\\/category\\\/category-2\\\/#listItem\",\"name\":\"Category 2\"}}]},{\"@type\":\"Organization\",\"@id\":\"https:\\\/\\\/www.amarencogroup.com\\\/en\\\/#organization\",\"name\":\"Amarenco\",\"description\":\"Producteur ind\\u00e9pendant d'\\u00e9nergie photovolta\\u00efque\",\"url\":\"https:\\\/\\\/www.amarencogroup.com\\\/en\\\/\",\"logo\":{\"@type\":\"ImageObject\",\"url\":\"https:\\\/\\\/amarenco.manitoba.fr\\\/wp-content\\\/uploads\\\/2021\\\/09\\\/favicon.png\",\"@id\":\"https:\\\/\\\/www.amarencogroup.com\\\/en\\\/meeting-between-amarenco-and-mr-christophe-grudler-mep\\\/#organizationLogo\"},\"image\":{\"@id\":\"https:\\\/\\\/www.amarencogroup.com\\\/en\\\/meeting-between-amarenco-and-mr-christophe-grudler-mep\\\/#organizationLogo\"}},{\"@type\":\"Person\",\"@id\":\"https:\\\/\\\/www.amarencogroup.com\\\/en\\\/author\\\/ecoberac\\\/#author\",\"url\":\"https:\\\/\\\/www.amarencogroup.com\\\/en\\\/author\\\/ecoberac\\\/\",\"name\":\"Ecoberac\",\"image\":{\"@type\":\"ImageObject\",\"@id\":\"https:\\\/\\\/www.amarencogroup.com\\\/en\\\/meeting-between-amarenco-and-mr-christophe-grudler-mep\\\/#authorImage\",\"url\":\"https:\\\/\\\/secure.gravatar.com\\\/avatar\\\/26e54ea21b37a778b05081011a1727a8a0e6298cd742bd8bd8338e015ee8a627?s=96&d=mm&r=g\",\"width\":96,\"height\":96,\"caption\":\"Ecoberac\"}},{\"@type\":\"WebPage\",\"@id\":\"https:\\\/\\\/www.amarencogroup.com\\\/en\\\/meeting-between-amarenco-and-mr-christophe-grudler-mep\\\/#webpage\",\"url\":\"https:\\\/\\\/www.amarencogroup.com\\\/en\\\/meeting-between-amarenco-and-mr-christophe-grudler-mep\\\/\",\"name\":\"MEETING BETWEEN AMARENCO AND MR. CHRISTOPHE GRUDLER, MEP - Amarenco\",\"description\":\"On Friday, October 22, following a working session at the Chamber of Commerce and Industry of the Tarn, MEPs Mr. Christophe Grudler and Ms. Val\\u00e9rie Hayer visited the headquarters of Amarenco France in Lagrave. They were accompanied by Mrs. Marie-Christine Verdier-Jouclas, deputy of the Tarn, and Mr. Michel Bossi, President of the CCI of the Tarn.\",\"inLanguage\":\"en-US\",\"isPartOf\":{\"@id\":\"https:\\\/\\\/www.amarencogroup.com\\\/en\\\/#website\"},\"breadcrumb\":{\"@id\":\"https:\\\/\\\/www.amarencogroup.com\\\/en\\\/meeting-between-amarenco-and-mr-christophe-grudler-mep\\\/#breadcrumblist\"},\"author\":{\"@id\":\"https:\\\/\\\/www.amarencogroup.com\\\/en\\\/author\\\/ecoberac\\\/#author\"},\"creator\":{\"@id\":\"https:\\\/\\\/www.amarencogroup.com\\\/en\\\/author\\\/ecoberac\\\/#author\"},\"image\":{\"@type\":\"ImageObject\",\"url\":\"https:\\\/\\\/www.amarencogroup.com\\\/wp-content\\\/uploads\\\/2021\\\/10\\\/0036.jpg\",\"@id\":\"https:\\\/\\\/www.amarencogroup.com\\\/en\\\/meeting-between-amarenco-and-mr-christophe-grudler-mep\\\/#mainImage\",\"width\":1920,\"height\":1280},\"primaryImageOfPage\":{\"@id\":\"https:\\\/\\\/www.amarencogroup.com\\\/en\\\/meeting-between-amarenco-and-mr-christophe-grudler-mep\\\/#mainImage\"},\"datePublished\":\"2021-10-22T11:55:00+02:00\",\"dateModified\":\"2021-10-29T11:57:34+02:00\"},{\"@type\":\"WebSite\",\"@id\":\"https:\\\/\\\/www.amarencogroup.com\\\/en\\\/#website\",\"url\":\"https:\\\/\\\/www.amarencogroup.com\\\/en\\\/\",\"name\":\"Amarenco\",\"description\":\"Producteur ind\\u00e9pendant d'\\u00e9nergie photovolta\\u00efque\",\"inLanguage\":\"en-US\",\"publisher\":{\"@id\":\"https:\\\/\\\/www.amarencogroup.com\\\/en\\\/#organization\"}}]}\n\t\t<\/script>\n\t\t<!-- All in One SEO -->\n\n","aioseo_head_json":{"title":"MEETING BETWEEN AMARENCO AND MR. CHRISTOPHE GRUDLER, MEP - Amarenco","description":"On Friday, October 22, following a working session at the Chamber of Commerce and Industry of the Tarn, MEPs Mr. Christophe Grudler and Ms. Val\u00e9rie Hayer visited the headquarters of Amarenco France in Lagrave. They were accompanied by Mrs. Marie-Christine Verdier-Jouclas, deputy of the Tarn, and Mr. Michel Bossi, President of the CCI of the Tarn.","canonical_url":"https:\/\/www.amarencogroup.com\/en\/meeting-between-amarenco-and-mr-christophe-grudler-mep\/","robots":"max-image-preview:large","keywords":"","webmasterTools":{"miscellaneous":""},"schema":{"@context":"https:\/\/schema.org","@graph":[{"@type":"BlogPosting","@id":"https:\/\/www.amarencogroup.com\/en\/meeting-between-amarenco-and-mr-christophe-grudler-mep\/#blogposting","name":"MEETING BETWEEN AMARENCO AND MR. CHRISTOPHE GRUDLER, MEP - Amarenco","headline":"MEETING BETWEEN AMARENCO AND MR. CHRISTOPHE GRUDLER, MEP","author":{"@id":"https:\/\/www.amarencogroup.com\/en\/author\/ecoberac\/#author"},"publisher":{"@id":"https:\/\/www.amarencogroup.com\/en\/#organization"},"image":{"@type":"ImageObject","url":"https:\/\/www.amarencogroup.com\/wp-content\/uploads\/2021\/10\/0036.jpg","width":1920,"height":1280},"datePublished":"2021-10-22T11:55:00+02:00","dateModified":"2021-10-29T11:57:34+02:00","inLanguage":"en-US","mainEntityOfPage":{"@id":"https:\/\/www.amarencogroup.com\/en\/meeting-between-amarenco-and-mr-christophe-grudler-mep\/#webpage"},"isPartOf":{"@id":"https:\/\/www.amarencogroup.com\/en\/meeting-between-amarenco-and-mr-christophe-grudler-mep\/#webpage"},"articleSection":"Category 2, Optional"},{"@type":"BreadcrumbList","@id":"https:\/\/www.amarencogroup.com\/en\/meeting-between-amarenco-and-mr-christophe-grudler-mep\/#breadcrumblist","itemListElement":[{"@type":"ListItem","@id":"https:\/\/www.amarencogroup.com\/en\/#listItem","position":1,"name":"Accueil","item":"https:\/\/www.amarencogroup.com\/en\/","nextItem":{"@type":"ListItem","@id":"https:\/\/www.amarencogroup.com\/en\/category\/category-2\/#listItem","name":"Category 2"}},{"@type":"ListItem","@id":"https:\/\/www.amarencogroup.com\/en\/category\/category-2\/#listItem","position":2,"name":"Category 2","item":"https:\/\/www.amarencogroup.com\/en\/category\/category-2\/","nextItem":{"@type":"ListItem","@id":"https:\/\/www.amarencogroup.com\/en\/meeting-between-amarenco-and-mr-christophe-grudler-mep\/#listItem","name":"MEETING BETWEEN AMARENCO AND MR. CHRISTOPHE GRUDLER, MEP"},"previousItem":{"@type":"ListItem","@id":"https:\/\/www.amarencogroup.com\/en\/#listItem","name":"Accueil"}},{"@type":"ListItem","@id":"https:\/\/www.amarencogroup.com\/en\/meeting-between-amarenco-and-mr-christophe-grudler-mep\/#listItem","position":3,"name":"MEETING BETWEEN AMARENCO AND MR. CHRISTOPHE GRUDLER, MEP","previousItem":{"@type":"ListItem","@id":"https:\/\/www.amarencogroup.com\/en\/category\/category-2\/#listItem","name":"Category 2"}}]},{"@type":"Organization","@id":"https:\/\/www.amarencogroup.com\/en\/#organization","name":"Amarenco","description":"Producteur ind\u00e9pendant d'\u00e9nergie photovolta\u00efque","url":"https:\/\/www.amarencogroup.com\/en\/","logo":{"@type":"ImageObject","url":"https:\/\/amarenco.manitoba.fr\/wp-content\/uploads\/2021\/09\/favicon.png","@id":"https:\/\/www.amarencogroup.com\/en\/meeting-between-amarenco-and-mr-christophe-grudler-mep\/#organizationLogo"},"image":{"@id":"https:\/\/www.amarencogroup.com\/en\/meeting-between-amarenco-and-mr-christophe-grudler-mep\/#organizationLogo"}},{"@type":"Person","@id":"https:\/\/www.amarencogroup.com\/en\/author\/ecoberac\/#author","url":"https:\/\/www.amarencogroup.com\/en\/author\/ecoberac\/","name":"Ecoberac","image":{"@type":"ImageObject","@id":"https:\/\/www.amarencogroup.com\/en\/meeting-between-amarenco-and-mr-christophe-grudler-mep\/#authorImage","url":"https:\/\/secure.gravatar.com\/avatar\/26e54ea21b37a778b05081011a1727a8a0e6298cd742bd8bd8338e015ee8a627?s=96&d=mm&r=g","width":96,"height":96,"caption":"Ecoberac"}},{"@type":"WebPage","@id":"https:\/\/www.amarencogroup.com\/en\/meeting-between-amarenco-and-mr-christophe-grudler-mep\/#webpage","url":"https:\/\/www.amarencogroup.com\/en\/meeting-between-amarenco-and-mr-christophe-grudler-mep\/","name":"MEETING BETWEEN AMARENCO AND MR. CHRISTOPHE GRUDLER, MEP - Amarenco","description":"On Friday, October 22, following a working session at the Chamber of Commerce and Industry of the Tarn, MEPs Mr. Christophe Grudler and Ms. Val\u00e9rie Hayer visited the headquarters of Amarenco France in Lagrave. They were accompanied by Mrs. Marie-Christine Verdier-Jouclas, deputy of the Tarn, and Mr. Michel Bossi, President of the CCI of the Tarn.","inLanguage":"en-US","isPartOf":{"@id":"https:\/\/www.amarencogroup.com\/en\/#website"},"breadcrumb":{"@id":"https:\/\/www.amarencogroup.com\/en\/meeting-between-amarenco-and-mr-christophe-grudler-mep\/#breadcrumblist"},"author":{"@id":"https:\/\/www.amarencogroup.com\/en\/author\/ecoberac\/#author"},"creator":{"@id":"https:\/\/www.amarencogroup.com\/en\/author\/ecoberac\/#author"},"image":{"@type":"ImageObject","url":"https:\/\/www.amarencogroup.com\/wp-content\/uploads\/2021\/10\/0036.jpg","@id":"https:\/\/www.amarencogroup.com\/en\/meeting-between-amarenco-and-mr-christophe-grudler-mep\/#mainImage","width":1920,"height":1280},"primaryImageOfPage":{"@id":"https:\/\/www.amarencogroup.com\/en\/meeting-between-amarenco-and-mr-christophe-grudler-mep\/#mainImage"},"datePublished":"2021-10-22T11:55:00+02:00","dateModified":"2021-10-29T11:57:34+02:00"},{"@type":"WebSite","@id":"https:\/\/www.amarencogroup.com\/en\/#website","url":"https:\/\/www.amarencogroup.com\/en\/","name":"Amarenco","description":"Producteur ind\u00e9pendant d'\u00e9nergie photovolta\u00efque","inLanguage":"en-US","publisher":{"@id":"https:\/\/www.amarencogroup.com\/en\/#organization"}}]},"og:locale":"en_US","og:site_name":"Amarenco - Producteur ind\u00e9pendant d'\u00e9nergie photovolta\u00efque","og:type":"article","og:title":"MEETING BETWEEN AMARENCO AND MR. CHRISTOPHE GRUDLER, MEP - Amarenco","og:description":"On Friday, October 22, following a working session at the Chamber of Commerce and Industry of the Tarn, MEPs Mr. Christophe Grudler and Ms. Val\u00e9rie Hayer visited the headquarters of Amarenco France in Lagrave. They were accompanied by Mrs. Marie-Christine Verdier-Jouclas, deputy of the Tarn, and Mr. Michel Bossi, President of the CCI of the Tarn.","og:url":"https:\/\/www.amarencogroup.com\/en\/meeting-between-amarenco-and-mr-christophe-grudler-mep\/","og:image":"https:\/\/amarenco.manitoba.fr\/wp-content\/uploads\/2021\/09\/header@2x-1.jpg","og:image:secure_url":"https:\/\/amarenco.manitoba.fr\/wp-content\/uploads\/2021\/09\/header@2x-1.jpg","article:published_time":"2021-10-22T09:55:00+00:00","article:modified_time":"2021-10-29T09:57:34+00:00","twitter:card":"summary","twitter:title":"MEETING BETWEEN AMARENCO AND MR. CHRISTOPHE GRUDLER, MEP - Amarenco","twitter:description":"On Friday, October 22, following a working session at the Chamber of Commerce and Industry of the Tarn, MEPs Mr. Christophe Grudler and Ms. Val\u00e9rie Hayer visited the headquarters of Amarenco France in Lagrave. They were accompanied by Mrs. Marie-Christine Verdier-Jouclas, deputy of the Tarn, and Mr. Michel Bossi, President of the CCI of the Tarn.","twitter:image":"https:\/\/amarenco.manitoba.fr\/wp-content\/uploads\/2021\/09\/header@2x-1.jpg"},"aioseo_meta_data":{"post_id":"2626","title":"#post_title #separator_sa #site_title","description":"#post_excerpt","keywords":[],"keyphrases":{"focus":[],"additional":[]},"primary_term":null,"canonical_url":null,"og_title":null,"og_description":null,"og_object_type":"default","og_image_type":"default","og_image_url":null,"og_image_width":null,"og_image_height":null,"og_image_custom_url":null,"og_image_custom_fields":null,"og_video":"","og_custom_url":null,"og_article_section":null,"og_article_tags":[],"twitter_use_og":false,"twitter_card":"default","twitter_image_type":"default","twitter_image_url":null,"twitter_image_custom_url":null,"twitter_image_custom_fields":null,"twitter_title":null,"twitter_description":null,"schema":{"blockGraphs":[],"customGraphs":[],"default":{"data":{"Article":[],"Course":[],"Dataset":[],"FAQPage":[],"Movie":[],"Person":[],"Product":[],"ProductReview":[],"Car":[],"Recipe":[],"Service":[],"SoftwareApplication":[],"WebPage":[]},"graphName":"","isEnabled":true},"graphs":[],"defaultGraph":"Article","defaultPostTypeGraph":""},"schema_type":"default","schema_type_options":"{\"article\":{\"articleType\":\"BlogPosting\"},\"course\":{\"name\":\"\",\"description\":\"\",\"provider\":\"\"},\"faq\":{\"pages\":[]},\"product\":{\"reviews\":[]},\"recipe\":{\"ingredients\":[],\"instructions\":[],\"keywords\":[]},\"software\":{\"reviews\":[],\"operatingSystems\":[]},\"webPage\":{\"webPageType\":\"WebPage\"}}","pillar_content":false,"robots_default":true,"robots_noindex":false,"robots_noarchive":false,"robots_nosnippet":false,"robots_nofollow":false,"robots_noimageindex":false,"robots_noodp":false,"robots_notranslate":false,"robots_max_snippet":"-1","robots_max_videopreview":"-1","robots_max_imagepreview":"large","priority":null,"frequency":"default","local_seo":null,"breadcrumb_settings":null,"limit_modified_date":false,"ai":null,"created":"2021-10-29 09:55:33","updated":"2025-06-04 04:30:55","seo_analyzer_scan_date":null,"focus_keyword":null,"additional_keywords":null,"truseo_locale":null},"aioseo_breadcrumb":"<div class=\"aioseo-breadcrumbs\"><span class=\"aioseo-breadcrumb\">\n\t\t\t<a href=\"https:\/\/www.amarencogroup.com\/en\/\" title=\"Accueil\">Accueil<\/a>\n\t\t<\/span><span class=\"aioseo-breadcrumb-separator\">&raquo;<\/span><span class=\"aioseo-breadcrumb\">\n\t\t\t<a href=\"https:\/\/www.amarencogroup.com\/en\/category\/category-2\/\" title=\"Category 2\">Category 2<\/a>\n\t\t<\/span><span class=\"aioseo-breadcrumb-separator\">&raquo;<\/span><span class=\"aioseo-breadcrumb\">\n\t\t\tMEETING BETWEEN AMARENCO AND MR. CHRISTOPHE GRUDLER, MEP\n\t\t<\/span><\/div>","aioseo_breadcrumb_json":[{"label":"Accueil","link":"https:\/\/www.amarencogroup.com\/en\/"},{"label":"Category 2","link":"https:\/\/www.amarencogroup.com\/en\/category\/category-2\/"},{"label":"MEETING BETWEEN AMARENCO AND MR. CHRISTOPHE GRUDLER, MEP","link":"https:\/\/www.amarencogroup.com\/en\/meeting-between-amarenco-and-mr-christophe-grudler-mep\/"}],"_links":{"self":[{"href":"https:\/\/www.amarencogroup.com\/en\/wp-json\/wp\/v2\/posts\/2626","targetHints":{"allow":["GET"]}}],"collection":[{"href":"https:\/\/www.amarencogroup.com\/en\/wp-json\/wp\/v2\/posts"}],"about":[{"href":"https:\/\/www.amarencogroup.com\/en\/wp-json\/wp\/v2\/types\/post"}],"author":[{"embeddable":true,"href":"https:\/\/www.amarencogroup.com\/en\/wp-json\/wp\/v2\/users\/4"}],"replies":[{"embeddable":true,"href":"https:\/\/www.amarencogroup.com\/en\/wp-json\/wp\/v2\/comments?post=2626"}],"version-history":[{"count":0,"href":"https:\/\/www.amarencogroup.com\/en\/wp-json\/wp\/v2\/posts\/2626\/revisions"}],"wp:featuredmedia":[{"embeddable":true,"href":"https:\/\/www.amarencogroup.com\/en\/wp-json\/wp\/v2\/media\/2621"}],"wp:attachment":[{"href":"https:\/\/www.amarencogroup.com\/en\/wp-json\/wp\/v2\/media?parent=2626"}],"wp:term":[{"taxonomy":"category","embeddable":true,"href":"https:\/\/www.amarencogroup.com\/en\/wp-json\/wp\/v2\/categories?post=2626"},{"taxonomy":"post_tag","embeddable":true,"href":"https:\/\/www.amarencogroup.com\/en\/wp-json\/wp\/v2\/tags?post=2626"}],"curies":[{"name":"wp","href":"https:\/\/api.w.org\/{rel}","templated":true}]}}