{"id":8482,"date":"2025-04-14T17:48:29","date_gmt":"2025-04-14T15:48:29","guid":{"rendered":"https:\/\/www.amarencogroup.com\/a-tribute-to-john-mullins\/"},"modified":"2025-05-26T15:25:48","modified_gmt":"2025-05-26T13:25:48","slug":"a-tribute-to-john-mullins","status":"publish","type":"post","link":"https:\/\/www.amarencogroup.com\/en\/a-tribute-to-john-mullins\/","title":{"rendered":"A tribute to John Mullins"},"content":{"rendered":"\n<div style=\"height:48px\" aria-hidden=\"true\" class=\"wp-block-spacer\"><\/div>\n\n<p class=\"wp-block-paragraph\"><\/p>\n\n<p class=\"wp-block-paragraph\">It is with great sadness that we announce the sudden passing of our Chairman, John Mullins. As a co-founder of Amarenco, alongside Alain Desvigne, he was a visionary entrepreneur and a passionate climate protection advocate.<br\/><br\/>John held executive roles within Amarenco until the end of 2024, driving the business forward in the face of many challenges. His dedication, vision, and values have left a lasting mark and will continue to guide our company into the future.<br\/><br\/>John will be greatly missed by all within our business, and our industry, for his leadership and friendship. Our business is stronger because of him and we remain fully committed to ensuring our continued success with the same passion and dedication.<br\/><br\/>We wish to extend our heartfelt condolences to John\u2019s family, friends and colleagues at this very sad time.<\/p>\n\n<p class=\"wp-block-paragraph\"><\/p>\n","protected":false},"excerpt":{"rendered":"<p>It is with great sadness that we announce the sudden passing of our Chairman, John Mullins. As a co-founder of Amarenco, alongside Alain Desvigne, he was a visionary entrepreneur and a passionate climate protection advocate. <\/p>\n","protected":false},"author":4,"featured_media":8480,"comment_status":"closed","ping_status":"closed","sticky":false,"template":"","format":"standard","meta":{"_acf_changed":false,"inline_featured_image":false,"footnotes":""},"categories":[65],"tags":[],"class_list":["post-8482","post","type-post","status-publish","format-standard","has-post-thumbnail","hentry","category-news"],"acf":[],"aioseo_notices":[],"aioseo_head":"\n\t\t<!-- All in One SEO 5.0.1.1 - aioseo.com -->\n\t<meta name=\"description\" content=\"It is with great sadness that we announce the sudden passing of our Chairman, John Mullins. As a co-founder of Amarenco, alongside Alain Desvigne, he was a visionary entrepreneur and a passionate climate protection advocate.\" \/>\n\t<meta name=\"robots\" content=\"max-image-preview:large\" \/>\n\t<meta name=\"author\" content=\"Ecoberac\"\/>\n\t<link rel=\"canonical\" href=\"https:\/\/www.amarencogroup.com\/en\/a-tribute-to-john-mullins\/\" \/>\n\t<meta name=\"generator\" content=\"All in One SEO (AIOSEO) 5.0.1.1\" \/>\n\t\t<meta property=\"og:locale\" content=\"en_US\" \/>\n\t\t<meta property=\"og:site_name\" content=\"Amarenco - Producteur ind\u00e9pendant d&#039;\u00e9nergie photovolta\u00efque\" \/>\n\t\t<meta property=\"og:type\" content=\"article\" \/>\n\t\t<meta property=\"og:title\" content=\"A tribute to John Mullins - Amarenco\" \/>\n\t\t<meta property=\"og:description\" content=\"It is with great sadness that we announce the sudden passing of our Chairman, John Mullins. As a co-founder of Amarenco, alongside Alain Desvigne, he was a visionary entrepreneur and a passionate climate protection advocate.\" \/>\n\t\t<meta property=\"og:url\" content=\"https:\/\/www.amarencogroup.com\/en\/a-tribute-to-john-mullins\/\" \/>\n\t\t<meta property=\"og:image\" content=\"https:\/\/amarenco.manitoba.fr\/wp-content\/uploads\/2021\/09\/header@2x-1.jpg\" \/>\n\t\t<meta property=\"og:image:secure_url\" content=\"https:\/\/amarenco.manitoba.fr\/wp-content\/uploads\/2021\/09\/header@2x-1.jpg\" \/>\n\t\t<meta property=\"article:published_time\" content=\"2025-04-14T15:48:29+00:00\" \/>\n\t\t<meta property=\"article:modified_time\" content=\"2025-05-26T13:25:48+00:00\" \/>\n\t\t<meta name=\"twitter:card\" content=\"summary\" \/>\n\t\t<meta name=\"twitter:title\" content=\"A tribute to John Mullins - Amarenco\" \/>\n\t\t<meta name=\"twitter:description\" content=\"It is with great sadness that we announce the sudden passing of our Chairman, John Mullins. As a co-founder of Amarenco, alongside Alain Desvigne, he was a visionary entrepreneur and a passionate climate protection advocate.\" \/>\n\t\t<meta name=\"twitter:image\" content=\"https:\/\/amarenco.manitoba.fr\/wp-content\/uploads\/2021\/09\/header@2x-1.jpg\" \/>\n\t\t<script type=\"application\/ld+json\" class=\"aioseo-schema\">\n\t\t\t{\"@context\":\"https:\\\/\\\/schema.org\",\"@graph\":[{\"@type\":\"BlogPosting\",\"@id\":\"https:\\\/\\\/www.amarencogroup.com\\\/en\\\/a-tribute-to-john-mullins\\\/#blogposting\",\"name\":\"A tribute to John Mullins - Amarenco\",\"headline\":\"A tribute to John Mullins\",\"author\":{\"@id\":\"https:\\\/\\\/www.amarencogroup.com\\\/en\\\/author\\\/ecoberac\\\/#author\"},\"publisher\":{\"@id\":\"https:\\\/\\\/www.amarencogroup.com\\\/en\\\/#organization\"},\"image\":{\"@type\":\"ImageObject\",\"url\":\"https:\\\/\\\/www.amarencogroup.com\\\/wp-content\\\/uploads\\\/2025\\\/04\\\/image.jpeg\",\"width\":800,\"height\":542},\"datePublished\":\"2025-04-14T17:48:29+02:00\",\"dateModified\":\"2025-05-26T15:25:48+02:00\",\"inLanguage\":\"en-US\",\"mainEntityOfPage\":{\"@id\":\"https:\\\/\\\/www.amarencogroup.com\\\/en\\\/a-tribute-to-john-mullins\\\/#webpage\"},\"isPartOf\":{\"@id\":\"https:\\\/\\\/www.amarencogroup.com\\\/en\\\/a-tribute-to-john-mullins\\\/#webpage\"},\"articleSection\":\"News, Optional\"},{\"@type\":\"BreadcrumbList\",\"@id\":\"https:\\\/\\\/www.amarencogroup.com\\\/en\\\/a-tribute-to-john-mullins\\\/#breadcrumblist\",\"itemListElement\":[{\"@type\":\"ListItem\",\"@id\":\"https:\\\/\\\/www.amarencogroup.com\\\/en\\\/#listItem\",\"position\":1,\"name\":\"Accueil\",\"item\":\"https:\\\/\\\/www.amarencogroup.com\\\/en\\\/\",\"nextItem\":{\"@type\":\"ListItem\",\"@id\":\"https:\\\/\\\/www.amarencogroup.com\\\/en\\\/category\\\/news\\\/#listItem\",\"name\":\"News\"}},{\"@type\":\"ListItem\",\"@id\":\"https:\\\/\\\/www.amarencogroup.com\\\/en\\\/category\\\/news\\\/#listItem\",\"position\":2,\"name\":\"News\",\"item\":\"https:\\\/\\\/www.amarencogroup.com\\\/en\\\/category\\\/news\\\/\",\"nextItem\":{\"@type\":\"ListItem\",\"@id\":\"https:\\\/\\\/www.amarencogroup.com\\\/en\\\/a-tribute-to-john-mullins\\\/#listItem\",\"name\":\"A tribute to John Mullins\"},\"previousItem\":{\"@type\":\"ListItem\",\"@id\":\"https:\\\/\\\/www.amarencogroup.com\\\/en\\\/#listItem\",\"name\":\"Accueil\"}},{\"@type\":\"ListItem\",\"@id\":\"https:\\\/\\\/www.amarencogroup.com\\\/en\\\/a-tribute-to-john-mullins\\\/#listItem\",\"position\":3,\"name\":\"A tribute to John Mullins\",\"previousItem\":{\"@type\":\"ListItem\",\"@id\":\"https:\\\/\\\/www.amarencogroup.com\\\/en\\\/category\\\/news\\\/#listItem\",\"name\":\"News\"}}]},{\"@type\":\"Organization\",\"@id\":\"https:\\\/\\\/www.amarencogroup.com\\\/en\\\/#organization\",\"name\":\"Amarenco\",\"description\":\"Producteur ind\\u00e9pendant d'\\u00e9nergie photovolta\\u00efque\",\"url\":\"https:\\\/\\\/www.amarencogroup.com\\\/en\\\/\",\"logo\":{\"@type\":\"ImageObject\",\"url\":\"https:\\\/\\\/amarenco.manitoba.fr\\\/wp-content\\\/uploads\\\/2021\\\/09\\\/favicon.png\",\"@id\":\"https:\\\/\\\/www.amarencogroup.com\\\/en\\\/a-tribute-to-john-mullins\\\/#organizationLogo\"},\"image\":{\"@id\":\"https:\\\/\\\/www.amarencogroup.com\\\/en\\\/a-tribute-to-john-mullins\\\/#organizationLogo\"}},{\"@type\":\"Person\",\"@id\":\"https:\\\/\\\/www.amarencogroup.com\\\/en\\\/author\\\/ecoberac\\\/#author\",\"url\":\"https:\\\/\\\/www.amarencogroup.com\\\/en\\\/author\\\/ecoberac\\\/\",\"name\":\"Ecoberac\",\"image\":{\"@type\":\"ImageObject\",\"@id\":\"https:\\\/\\\/www.amarencogroup.com\\\/en\\\/a-tribute-to-john-mullins\\\/#authorImage\",\"url\":\"https:\\\/\\\/secure.gravatar.com\\\/avatar\\\/26e54ea21b37a778b05081011a1727a8a0e6298cd742bd8bd8338e015ee8a627?s=96&d=mm&r=g\",\"width\":96,\"height\":96,\"caption\":\"Ecoberac\"}},{\"@type\":\"WebPage\",\"@id\":\"https:\\\/\\\/www.amarencogroup.com\\\/en\\\/a-tribute-to-john-mullins\\\/#webpage\",\"url\":\"https:\\\/\\\/www.amarencogroup.com\\\/en\\\/a-tribute-to-john-mullins\\\/\",\"name\":\"A tribute to John Mullins - Amarenco\",\"description\":\"It is with great sadness that we announce the sudden passing of our Chairman, John Mullins. As a co-founder of Amarenco, alongside Alain Desvigne, he was a visionary entrepreneur and a passionate climate protection advocate.\",\"inLanguage\":\"en-US\",\"isPartOf\":{\"@id\":\"https:\\\/\\\/www.amarencogroup.com\\\/en\\\/#website\"},\"breadcrumb\":{\"@id\":\"https:\\\/\\\/www.amarencogroup.com\\\/en\\\/a-tribute-to-john-mullins\\\/#breadcrumblist\"},\"author\":{\"@id\":\"https:\\\/\\\/www.amarencogroup.com\\\/en\\\/author\\\/ecoberac\\\/#author\"},\"creator\":{\"@id\":\"https:\\\/\\\/www.amarencogroup.com\\\/en\\\/author\\\/ecoberac\\\/#author\"},\"image\":{\"@type\":\"ImageObject\",\"url\":\"https:\\\/\\\/www.amarencogroup.com\\\/wp-content\\\/uploads\\\/2025\\\/04\\\/image.jpeg\",\"@id\":\"https:\\\/\\\/www.amarencogroup.com\\\/en\\\/a-tribute-to-john-mullins\\\/#mainImage\",\"width\":800,\"height\":542},\"primaryImageOfPage\":{\"@id\":\"https:\\\/\\\/www.amarencogroup.com\\\/en\\\/a-tribute-to-john-mullins\\\/#mainImage\"},\"datePublished\":\"2025-04-14T17:48:29+02:00\",\"dateModified\":\"2025-05-26T15:25:48+02:00\"},{\"@type\":\"WebSite\",\"@id\":\"https:\\\/\\\/www.amarencogroup.com\\\/en\\\/#website\",\"url\":\"https:\\\/\\\/www.amarencogroup.com\\\/en\\\/\",\"name\":\"Amarenco\",\"description\":\"Producteur ind\\u00e9pendant d'\\u00e9nergie photovolta\\u00efque\",\"inLanguage\":\"en-US\",\"publisher\":{\"@id\":\"https:\\\/\\\/www.amarencogroup.com\\\/en\\\/#organization\"}}]}\n\t\t<\/script>\n\t\t<!-- All in One SEO -->\n\n","aioseo_head_json":{"title":"A tribute to John Mullins - Amarenco","description":"It is with great sadness that we announce the sudden passing of our Chairman, John Mullins. As a co-founder of Amarenco, alongside Alain Desvigne, he was a visionary entrepreneur and a passionate climate protection advocate.","canonical_url":"https:\/\/www.amarencogroup.com\/en\/a-tribute-to-john-mullins\/","robots":"max-image-preview:large","keywords":"","webmasterTools":{"miscellaneous":""},"schema":{"@context":"https:\/\/schema.org","@graph":[{"@type":"BlogPosting","@id":"https:\/\/www.amarencogroup.com\/en\/a-tribute-to-john-mullins\/#blogposting","name":"A tribute to John Mullins - Amarenco","headline":"A tribute to John Mullins","author":{"@id":"https:\/\/www.amarencogroup.com\/en\/author\/ecoberac\/#author"},"publisher":{"@id":"https:\/\/www.amarencogroup.com\/en\/#organization"},"image":{"@type":"ImageObject","url":"https:\/\/www.amarencogroup.com\/wp-content\/uploads\/2025\/04\/image.jpeg","width":800,"height":542},"datePublished":"2025-04-14T17:48:29+02:00","dateModified":"2025-05-26T15:25:48+02:00","inLanguage":"en-US","mainEntityOfPage":{"@id":"https:\/\/www.amarencogroup.com\/en\/a-tribute-to-john-mullins\/#webpage"},"isPartOf":{"@id":"https:\/\/www.amarencogroup.com\/en\/a-tribute-to-john-mullins\/#webpage"},"articleSection":"News, Optional"},{"@type":"BreadcrumbList","@id":"https:\/\/www.amarencogroup.com\/en\/a-tribute-to-john-mullins\/#breadcrumblist","itemListElement":[{"@type":"ListItem","@id":"https:\/\/www.amarencogroup.com\/en\/#listItem","position":1,"name":"Accueil","item":"https:\/\/www.amarencogroup.com\/en\/","nextItem":{"@type":"ListItem","@id":"https:\/\/www.amarencogroup.com\/en\/category\/news\/#listItem","name":"News"}},{"@type":"ListItem","@id":"https:\/\/www.amarencogroup.com\/en\/category\/news\/#listItem","position":2,"name":"News","item":"https:\/\/www.amarencogroup.com\/en\/category\/news\/","nextItem":{"@type":"ListItem","@id":"https:\/\/www.amarencogroup.com\/en\/a-tribute-to-john-mullins\/#listItem","name":"A tribute to John Mullins"},"previousItem":{"@type":"ListItem","@id":"https:\/\/www.amarencogroup.com\/en\/#listItem","name":"Accueil"}},{"@type":"ListItem","@id":"https:\/\/www.amarencogroup.com\/en\/a-tribute-to-john-mullins\/#listItem","position":3,"name":"A tribute to John Mullins","previousItem":{"@type":"ListItem","@id":"https:\/\/www.amarencogroup.com\/en\/category\/news\/#listItem","name":"News"}}]},{"@type":"Organization","@id":"https:\/\/www.amarencogroup.com\/en\/#organization","name":"Amarenco","description":"Producteur ind\u00e9pendant d'\u00e9nergie photovolta\u00efque","url":"https:\/\/www.amarencogroup.com\/en\/","logo":{"@type":"ImageObject","url":"https:\/\/amarenco.manitoba.fr\/wp-content\/uploads\/2021\/09\/favicon.png","@id":"https:\/\/www.amarencogroup.com\/en\/a-tribute-to-john-mullins\/#organizationLogo"},"image":{"@id":"https:\/\/www.amarencogroup.com\/en\/a-tribute-to-john-mullins\/#organizationLogo"}},{"@type":"Person","@id":"https:\/\/www.amarencogroup.com\/en\/author\/ecoberac\/#author","url":"https:\/\/www.amarencogroup.com\/en\/author\/ecoberac\/","name":"Ecoberac","image":{"@type":"ImageObject","@id":"https:\/\/www.amarencogroup.com\/en\/a-tribute-to-john-mullins\/#authorImage","url":"https:\/\/secure.gravatar.com\/avatar\/26e54ea21b37a778b05081011a1727a8a0e6298cd742bd8bd8338e015ee8a627?s=96&d=mm&r=g","width":96,"height":96,"caption":"Ecoberac"}},{"@type":"WebPage","@id":"https:\/\/www.amarencogroup.com\/en\/a-tribute-to-john-mullins\/#webpage","url":"https:\/\/www.amarencogroup.com\/en\/a-tribute-to-john-mullins\/","name":"A tribute to John Mullins - Amarenco","description":"It is with great sadness that we announce the sudden passing of our Chairman, John Mullins. As a co-founder of Amarenco, alongside Alain Desvigne, he was a visionary entrepreneur and a passionate climate protection advocate.","inLanguage":"en-US","isPartOf":{"@id":"https:\/\/www.amarencogroup.com\/en\/#website"},"breadcrumb":{"@id":"https:\/\/www.amarencogroup.com\/en\/a-tribute-to-john-mullins\/#breadcrumblist"},"author":{"@id":"https:\/\/www.amarencogroup.com\/en\/author\/ecoberac\/#author"},"creator":{"@id":"https:\/\/www.amarencogroup.com\/en\/author\/ecoberac\/#author"},"image":{"@type":"ImageObject","url":"https:\/\/www.amarencogroup.com\/wp-content\/uploads\/2025\/04\/image.jpeg","@id":"https:\/\/www.amarencogroup.com\/en\/a-tribute-to-john-mullins\/#mainImage","width":800,"height":542},"primaryImageOfPage":{"@id":"https:\/\/www.amarencogroup.com\/en\/a-tribute-to-john-mullins\/#mainImage"},"datePublished":"2025-04-14T17:48:29+02:00","dateModified":"2025-05-26T15:25:48+02:00"},{"@type":"WebSite","@id":"https:\/\/www.amarencogroup.com\/en\/#website","url":"https:\/\/www.amarencogroup.com\/en\/","name":"Amarenco","description":"Producteur ind\u00e9pendant d'\u00e9nergie photovolta\u00efque","inLanguage":"en-US","publisher":{"@id":"https:\/\/www.amarencogroup.com\/en\/#organization"}}]},"og:locale":"en_US","og:site_name":"Amarenco - Producteur ind\u00e9pendant d'\u00e9nergie photovolta\u00efque","og:type":"article","og:title":"A tribute to John Mullins - Amarenco","og:description":"It is with great sadness that we announce the sudden passing of our Chairman, John Mullins. As a co-founder of Amarenco, alongside Alain Desvigne, he was a visionary entrepreneur and a passionate climate protection advocate.","og:url":"https:\/\/www.amarencogroup.com\/en\/a-tribute-to-john-mullins\/","og:image":"https:\/\/amarenco.manitoba.fr\/wp-content\/uploads\/2021\/09\/header@2x-1.jpg","og:image:secure_url":"https:\/\/amarenco.manitoba.fr\/wp-content\/uploads\/2021\/09\/header@2x-1.jpg","article:published_time":"2025-04-14T15:48:29+00:00","article:modified_time":"2025-05-26T13:25:48+00:00","twitter:card":"summary","twitter:title":"A tribute to John Mullins - Amarenco","twitter:description":"It is with great sadness that we announce the sudden passing of our Chairman, John Mullins. As a co-founder of Amarenco, alongside Alain Desvigne, he was a visionary entrepreneur and a passionate climate protection advocate.","twitter:image":"https:\/\/amarenco.manitoba.fr\/wp-content\/uploads\/2021\/09\/header@2x-1.jpg"},"aioseo_meta_data":{"post_id":"8482","title":null,"description":null,"keywords":null,"keyphrases":{"focus":{"keyphrase":"","score":0,"analysis":{"keyphraseInTitle":{"score":0,"maxScore":9,"error":1}}},"additional":[]},"primary_term":null,"canonical_url":null,"og_title":null,"og_description":null,"og_object_type":"default","og_image_type":"default","og_image_url":null,"og_image_width":null,"og_image_height":null,"og_image_custom_url":null,"og_image_custom_fields":null,"og_video":"","og_custom_url":null,"og_article_section":null,"og_article_tags":null,"twitter_use_og":false,"twitter_card":"default","twitter_image_type":"default","twitter_image_url":null,"twitter_image_custom_url":null,"twitter_image_custom_fields":null,"twitter_title":null,"twitter_description":null,"schema":{"blockGraphs":[],"customGraphs":[],"default":{"data":{"Article":[],"Course":[],"Dataset":[],"FAQPage":[],"Movie":[],"Person":[],"Product":[],"ProductReview":[],"Car":[],"Recipe":[],"Service":[],"SoftwareApplication":[],"WebPage":[]},"graphName":"BlogPosting","isEnabled":true},"graphs":[]},"schema_type":"default","schema_type_options":null,"pillar_content":false,"robots_default":true,"robots_noindex":false,"robots_noarchive":false,"robots_nosnippet":false,"robots_nofollow":false,"robots_noimageindex":false,"robots_noodp":false,"robots_notranslate":false,"robots_max_snippet":"-1","robots_max_videopreview":"-1","robots_max_imagepreview":"large","priority":null,"frequency":"default","local_seo":null,"breadcrumb_settings":null,"limit_modified_date":false,"ai":null,"created":"2025-04-14 15:48:29","updated":"2025-06-04 04:41:50","seo_analyzer_scan_date":null,"focus_keyword":null,"additional_keywords":null,"truseo_locale":null},"aioseo_breadcrumb":"<div class=\"aioseo-breadcrumbs\"><span class=\"aioseo-breadcrumb\">\n\t\t\t<a href=\"https:\/\/www.amarencogroup.com\/en\/\" title=\"Accueil\">Accueil<\/a>\n\t\t<\/span><span class=\"aioseo-breadcrumb-separator\">&raquo;<\/span><span class=\"aioseo-breadcrumb\">\n\t\t\t<a href=\"https:\/\/www.amarencogroup.com\/en\/category\/news\/\" title=\"News\">News<\/a>\n\t\t<\/span><span class=\"aioseo-breadcrumb-separator\">&raquo;<\/span><span class=\"aioseo-breadcrumb\">\n\t\t\tA tribute to John Mullins\n\t\t<\/span><\/div>","aioseo_breadcrumb_json":[{"label":"Accueil","link":"https:\/\/www.amarencogroup.com\/en\/"},{"label":"News","link":"https:\/\/www.amarencogroup.com\/en\/category\/news\/"},{"label":"A tribute to John Mullins","link":"https:\/\/www.amarencogroup.com\/en\/a-tribute-to-john-mullins\/"}],"_links":{"self":[{"href":"https:\/\/www.amarencogroup.com\/en\/wp-json\/wp\/v2\/posts\/8482","targetHints":{"allow":["GET"]}}],"collection":[{"href":"https:\/\/www.amarencogroup.com\/en\/wp-json\/wp\/v2\/posts"}],"about":[{"href":"https:\/\/www.amarencogroup.com\/en\/wp-json\/wp\/v2\/types\/post"}],"author":[{"embeddable":true,"href":"https:\/\/www.amarencogroup.com\/en\/wp-json\/wp\/v2\/users\/4"}],"replies":[{"embeddable":true,"href":"https:\/\/www.amarencogroup.com\/en\/wp-json\/wp\/v2\/comments?post=8482"}],"version-history":[{"count":1,"href":"https:\/\/www.amarencogroup.com\/en\/wp-json\/wp\/v2\/posts\/8482\/revisions"}],"predecessor-version":[{"id":8483,"href":"https:\/\/www.amarencogroup.com\/en\/wp-json\/wp\/v2\/posts\/8482\/revisions\/8483"}],"wp:featuredmedia":[{"embeddable":true,"href":"https:\/\/www.amarencogroup.com\/en\/wp-json\/wp\/v2\/media\/8480"}],"wp:attachment":[{"href":"https:\/\/www.amarencogroup.com\/en\/wp-json\/wp\/v2\/media?parent=8482"}],"wp:term":[{"taxonomy":"category","embeddable":true,"href":"https:\/\/www.amarencogroup.com\/en\/wp-json\/wp\/v2\/categories?post=8482"},{"taxonomy":"post_tag","embeddable":true,"href":"https:\/\/www.amarencogroup.com\/en\/wp-json\/wp\/v2\/tags?post=8482"}],"curies":[{"name":"wp","href":"https:\/\/api.w.org\/{rel}","templated":true}]}}