{"id":5770,"date":"2023-05-04T18:22:54","date_gmt":"2023-05-04T16:22:54","guid":{"rendered":"https:\/\/www.amarencogroup.com\/?p=5770"},"modified":"2025-05-26T15:47:49","modified_gmt":"2025-05-26T13:47:49","slug":"amarenco-acquiert-spectrum-international-une-societe-denergie-renouvelable-basee-en-jordanie","status":"publish","type":"post","link":"https:\/\/www.amarencogroup.com\/fr\/amarenco-acquiert-spectrum-international-une-societe-denergie-renouvelable-basee-en-jordanie\/","title":{"rendered":"Amarenco\u00a0acquiert\u00a0Spectrum International, une soci\u00e9t\u00e9 d\u2019\u00e9nergie renouvelable bas\u00e9e en Jordanie."},"content":{"rendered":"\n<p class=\"wp-block-paragraph\"><strong>Spectrum a d\u00e9velopp\u00e9 et poss\u00e8de plusieurs projets solaires BOT (Build Operate Transfer) en Jordanie pour des clients commerciaux et industriels, se positionnant ainsi comme un leader sur le march\u00e9 local.<\/strong><\/p>\n\n\n\n<p class=\"wp-block-paragraph\">L&rsquo;acquisition de Spectrum par Amarenco MENA soutient la strat\u00e9gie d&rsquo;expansion de la soci\u00e9t\u00e9 en Jordanie et renforce son engagement \u00e0 investir dans des projets d&rsquo;\u00e9nergie renouvelable qui contribuent au d\u00e9veloppement durable.<\/p>\n\n\n\n<p class=\"wp-block-paragraph\">Suite \u00e0 l\u2019acquisition, Spectrum sera rebaptis\u00e9e Amarenco Jordan, devenant la principale plate-forme d\u2019Amarenco MENA en Jordanie, avec pour objectif de poss\u00e9der 200 MW.<\/p>\n\n\n\n<p class=\"wp-block-paragraph\"><\/p>\n","protected":false},"excerpt":{"rendered":"<p>Amarenco\u00a0acquiert\u00a0Spectrum International, une soci\u00e9t\u00e9 d\u2019\u00e9nergie renouvelable bas\u00e9e en Jordanie.<\/p>\n","protected":false},"author":4,"featured_media":5771,"comment_status":"closed","ping_status":"closed","sticky":false,"template":"","format":"standard","meta":{"_acf_changed":false,"inline_featured_image":false,"footnotes":""},"categories":[33],"tags":[],"class_list":["post-5770","post","type-post","status-publish","format-standard","has-post-thumbnail","hentry","category-categorie-2"],"acf":[],"aioseo_notices":[],"aioseo_head":"\n\t\t<!-- All in One SEO 5.0.1.1 - aioseo.com -->\n\t<meta name=\"description\" content=\"Amarenco acquiert Spectrum International, une soci\u00e9t\u00e9 d\u2019\u00e9nergie renouvelable bas\u00e9e en Jordanie.\" \/>\n\t<meta name=\"robots\" content=\"max-image-preview:large\" \/>\n\t<meta name=\"author\" content=\"Ecoberac\"\/>\n\t<link rel=\"canonical\" href=\"https:\/\/www.amarencogroup.com\/fr\/amarenco-acquiert-spectrum-international-une-societe-denergie-renouvelable-basee-en-jordanie\/\" \/>\n\t<meta name=\"generator\" content=\"All in One SEO (AIOSEO) 5.0.1.1\" \/>\n\t\t<meta property=\"og:locale\" content=\"fr_FR\" \/>\n\t\t<meta property=\"og:site_name\" content=\"Amarenco - Producteur ind\u00e9pendant d&#039;\u00e9nergie photovolta\u00efque\" \/>\n\t\t<meta property=\"og:type\" content=\"article\" \/>\n\t\t<meta property=\"og:title\" content=\"Amarenco acquiert Spectrum International, une soci\u00e9t\u00e9 d\u2019\u00e9nergie renouvelable bas\u00e9e en Jordanie. - Amarenco\" \/>\n\t\t<meta property=\"og:description\" content=\"Amarenco acquiert Spectrum International, une soci\u00e9t\u00e9 d\u2019\u00e9nergie renouvelable bas\u00e9e en Jordanie.\" \/>\n\t\t<meta property=\"og:url\" content=\"https:\/\/www.amarencogroup.com\/fr\/amarenco-acquiert-spectrum-international-une-societe-denergie-renouvelable-basee-en-jordanie\/\" \/>\n\t\t<meta property=\"og:image\" content=\"https:\/\/amarenco.manitoba.fr\/wp-content\/uploads\/2021\/09\/header@2x-1.jpg\" \/>\n\t\t<meta property=\"og:image:secure_url\" content=\"https:\/\/amarenco.manitoba.fr\/wp-content\/uploads\/2021\/09\/header@2x-1.jpg\" \/>\n\t\t<meta property=\"article:published_time\" content=\"2023-05-04T16:22:54+00:00\" \/>\n\t\t<meta property=\"article:modified_time\" content=\"2025-05-26T13:47:49+00:00\" \/>\n\t\t<meta name=\"twitter:card\" content=\"summary\" \/>\n\t\t<meta name=\"twitter:title\" content=\"Amarenco acquiert Spectrum International, une soci\u00e9t\u00e9 d\u2019\u00e9nergie renouvelable bas\u00e9e en Jordanie. - Amarenco\" \/>\n\t\t<meta name=\"twitter:description\" content=\"Amarenco acquiert Spectrum International, une soci\u00e9t\u00e9 d\u2019\u00e9nergie renouvelable bas\u00e9e en Jordanie.\" \/>\n\t\t<meta name=\"twitter:image\" content=\"https:\/\/amarenco.manitoba.fr\/wp-content\/uploads\/2021\/09\/header@2x-1.jpg\" \/>\n\t\t<script type=\"application\/ld+json\" class=\"aioseo-schema\">\n\t\t\t{\"@context\":\"https:\\\/\\\/schema.org\",\"@graph\":[{\"@type\":\"BlogPosting\",\"@id\":\"https:\\\/\\\/www.amarencogroup.com\\\/fr\\\/amarenco-acquiert-spectrum-international-une-societe-denergie-renouvelable-basee-en-jordanie\\\/#blogposting\",\"name\":\"Amarenco acquiert Spectrum International, une soci\\u00e9t\\u00e9 d\\u2019\\u00e9nergie renouvelable bas\\u00e9e en Jordanie. - Amarenco\",\"headline\":\"Amarenco\\u00a0acquiert\\u00a0Spectrum International, une soci\\u00e9t\\u00e9 d\\u2019\\u00e9nergie renouvelable bas\\u00e9e en Jordanie.\",\"author\":{\"@id\":\"https:\\\/\\\/www.amarencogroup.com\\\/fr\\\/author\\\/ecoberac\\\/#author\"},\"publisher\":{\"@id\":\"https:\\\/\\\/www.amarencogroup.com\\\/fr\\\/#organization\"},\"image\":{\"@type\":\"ImageObject\",\"url\":\"https:\\\/\\\/www.amarencogroup.com\\\/wp-content\\\/uploads\\\/2023\\\/05\\\/image004.jpg\",\"width\":1200,\"height\":1200},\"datePublished\":\"2023-05-04T18:22:54+02:00\",\"dateModified\":\"2025-05-26T15:47:49+02:00\",\"inLanguage\":\"fr-FR\",\"mainEntityOfPage\":{\"@id\":\"https:\\\/\\\/www.amarencogroup.com\\\/fr\\\/amarenco-acquiert-spectrum-international-une-societe-denergie-renouvelable-basee-en-jordanie\\\/#webpage\"},\"isPartOf\":{\"@id\":\"https:\\\/\\\/www.amarencogroup.com\\\/fr\\\/amarenco-acquiert-spectrum-international-une-societe-denergie-renouvelable-basee-en-jordanie\\\/#webpage\"},\"articleSection\":\"Cat\\u00e9gorie 2, Facultatif\"},{\"@type\":\"BreadcrumbList\",\"@id\":\"https:\\\/\\\/www.amarencogroup.com\\\/fr\\\/amarenco-acquiert-spectrum-international-une-societe-denergie-renouvelable-basee-en-jordanie\\\/#breadcrumblist\",\"itemListElement\":[{\"@type\":\"ListItem\",\"@id\":\"https:\\\/\\\/www.amarencogroup.com\\\/fr\\\/#listItem\",\"position\":1,\"name\":\"Accueil\",\"item\":\"https:\\\/\\\/www.amarencogroup.com\\\/fr\\\/\",\"nextItem\":{\"@type\":\"ListItem\",\"@id\":\"https:\\\/\\\/www.amarencogroup.com\\\/fr\\\/category\\\/categorie-2\\\/#listItem\",\"name\":\"Cat\\u00e9gorie 2\"}},{\"@type\":\"ListItem\",\"@id\":\"https:\\\/\\\/www.amarencogroup.com\\\/fr\\\/category\\\/categorie-2\\\/#listItem\",\"position\":2,\"name\":\"Cat\\u00e9gorie 2\",\"item\":\"https:\\\/\\\/www.amarencogroup.com\\\/fr\\\/category\\\/categorie-2\\\/\",\"nextItem\":{\"@type\":\"ListItem\",\"@id\":\"https:\\\/\\\/www.amarencogroup.com\\\/fr\\\/amarenco-acquiert-spectrum-international-une-societe-denergie-renouvelable-basee-en-jordanie\\\/#listItem\",\"name\":\"Amarenco\\u00a0acquiert\\u00a0Spectrum International, une soci\\u00e9t\\u00e9 d\\u2019\\u00e9nergie renouvelable bas\\u00e9e en Jordanie.\"},\"previousItem\":{\"@type\":\"ListItem\",\"@id\":\"https:\\\/\\\/www.amarencogroup.com\\\/fr\\\/#listItem\",\"name\":\"Accueil\"}},{\"@type\":\"ListItem\",\"@id\":\"https:\\\/\\\/www.amarencogroup.com\\\/fr\\\/amarenco-acquiert-spectrum-international-une-societe-denergie-renouvelable-basee-en-jordanie\\\/#listItem\",\"position\":3,\"name\":\"Amarenco\\u00a0acquiert\\u00a0Spectrum International, une soci\\u00e9t\\u00e9 d\\u2019\\u00e9nergie renouvelable bas\\u00e9e en Jordanie.\",\"previousItem\":{\"@type\":\"ListItem\",\"@id\":\"https:\\\/\\\/www.amarencogroup.com\\\/fr\\\/category\\\/categorie-2\\\/#listItem\",\"name\":\"Cat\\u00e9gorie 2\"}}]},{\"@type\":\"Organization\",\"@id\":\"https:\\\/\\\/www.amarencogroup.com\\\/fr\\\/#organization\",\"name\":\"Amarenco\",\"description\":\"Producteur ind\\u00e9pendant d'\\u00e9nergie photovolta\\u00efque\",\"url\":\"https:\\\/\\\/www.amarencogroup.com\\\/fr\\\/\",\"logo\":{\"@type\":\"ImageObject\",\"url\":\"https:\\\/\\\/amarenco.manitoba.fr\\\/wp-content\\\/uploads\\\/2021\\\/09\\\/favicon.png\",\"@id\":\"https:\\\/\\\/www.amarencogroup.com\\\/fr\\\/amarenco-acquiert-spectrum-international-une-societe-denergie-renouvelable-basee-en-jordanie\\\/#organizationLogo\"},\"image\":{\"@id\":\"https:\\\/\\\/www.amarencogroup.com\\\/fr\\\/amarenco-acquiert-spectrum-international-une-societe-denergie-renouvelable-basee-en-jordanie\\\/#organizationLogo\"}},{\"@type\":\"Person\",\"@id\":\"https:\\\/\\\/www.amarencogroup.com\\\/fr\\\/author\\\/ecoberac\\\/#author\",\"url\":\"https:\\\/\\\/www.amarencogroup.com\\\/fr\\\/author\\\/ecoberac\\\/\",\"name\":\"Ecoberac\",\"image\":{\"@type\":\"ImageObject\",\"@id\":\"https:\\\/\\\/www.amarencogroup.com\\\/fr\\\/amarenco-acquiert-spectrum-international-une-societe-denergie-renouvelable-basee-en-jordanie\\\/#authorImage\",\"url\":\"https:\\\/\\\/secure.gravatar.com\\\/avatar\\\/26e54ea21b37a778b05081011a1727a8a0e6298cd742bd8bd8338e015ee8a627?s=96&d=mm&r=g\",\"width\":96,\"height\":96,\"caption\":\"Ecoberac\"}},{\"@type\":\"WebPage\",\"@id\":\"https:\\\/\\\/www.amarencogroup.com\\\/fr\\\/amarenco-acquiert-spectrum-international-une-societe-denergie-renouvelable-basee-en-jordanie\\\/#webpage\",\"url\":\"https:\\\/\\\/www.amarencogroup.com\\\/fr\\\/amarenco-acquiert-spectrum-international-une-societe-denergie-renouvelable-basee-en-jordanie\\\/\",\"name\":\"Amarenco acquiert Spectrum International, une soci\\u00e9t\\u00e9 d\\u2019\\u00e9nergie renouvelable bas\\u00e9e en Jordanie. - Amarenco\",\"description\":\"Amarenco acquiert Spectrum International, une soci\\u00e9t\\u00e9 d\\u2019\\u00e9nergie renouvelable bas\\u00e9e en Jordanie.\",\"inLanguage\":\"fr-FR\",\"isPartOf\":{\"@id\":\"https:\\\/\\\/www.amarencogroup.com\\\/fr\\\/#website\"},\"breadcrumb\":{\"@id\":\"https:\\\/\\\/www.amarencogroup.com\\\/fr\\\/amarenco-acquiert-spectrum-international-une-societe-denergie-renouvelable-basee-en-jordanie\\\/#breadcrumblist\"},\"author\":{\"@id\":\"https:\\\/\\\/www.amarencogroup.com\\\/fr\\\/author\\\/ecoberac\\\/#author\"},\"creator\":{\"@id\":\"https:\\\/\\\/www.amarencogroup.com\\\/fr\\\/author\\\/ecoberac\\\/#author\"},\"image\":{\"@type\":\"ImageObject\",\"url\":\"https:\\\/\\\/www.amarencogroup.com\\\/wp-content\\\/uploads\\\/2023\\\/05\\\/image004.jpg\",\"@id\":\"https:\\\/\\\/www.amarencogroup.com\\\/fr\\\/amarenco-acquiert-spectrum-international-une-societe-denergie-renouvelable-basee-en-jordanie\\\/#mainImage\",\"width\":1200,\"height\":1200},\"primaryImageOfPage\":{\"@id\":\"https:\\\/\\\/www.amarencogroup.com\\\/fr\\\/amarenco-acquiert-spectrum-international-une-societe-denergie-renouvelable-basee-en-jordanie\\\/#mainImage\"},\"datePublished\":\"2023-05-04T18:22:54+02:00\",\"dateModified\":\"2025-05-26T15:47:49+02:00\"},{\"@type\":\"WebSite\",\"@id\":\"https:\\\/\\\/www.amarencogroup.com\\\/fr\\\/#website\",\"url\":\"https:\\\/\\\/www.amarencogroup.com\\\/fr\\\/\",\"name\":\"Amarenco\",\"description\":\"Producteur ind\\u00e9pendant d'\\u00e9nergie photovolta\\u00efque\",\"inLanguage\":\"fr-FR\",\"publisher\":{\"@id\":\"https:\\\/\\\/www.amarencogroup.com\\\/fr\\\/#organization\"}}]}\n\t\t<\/script>\n\t\t<!-- All in One SEO -->\n\n","aioseo_head_json":{"title":"Amarenco acquiert Spectrum International, une soci\u00e9t\u00e9 d\u2019\u00e9nergie renouvelable bas\u00e9e en Jordanie. - Amarenco","description":"Amarenco acquiert Spectrum International, une soci\u00e9t\u00e9 d\u2019\u00e9nergie renouvelable bas\u00e9e en Jordanie.","canonical_url":"https:\/\/www.amarencogroup.com\/fr\/amarenco-acquiert-spectrum-international-une-societe-denergie-renouvelable-basee-en-jordanie\/","robots":"max-image-preview:large","keywords":"","webmasterTools":{"miscellaneous":""},"schema":{"@context":"https:\/\/schema.org","@graph":[{"@type":"BlogPosting","@id":"https:\/\/www.amarencogroup.com\/fr\/amarenco-acquiert-spectrum-international-une-societe-denergie-renouvelable-basee-en-jordanie\/#blogposting","name":"Amarenco acquiert Spectrum International, une soci\u00e9t\u00e9 d\u2019\u00e9nergie renouvelable bas\u00e9e en Jordanie. - Amarenco","headline":"Amarenco\u00a0acquiert\u00a0Spectrum International, une soci\u00e9t\u00e9 d\u2019\u00e9nergie renouvelable bas\u00e9e en Jordanie.","author":{"@id":"https:\/\/www.amarencogroup.com\/fr\/author\/ecoberac\/#author"},"publisher":{"@id":"https:\/\/www.amarencogroup.com\/fr\/#organization"},"image":{"@type":"ImageObject","url":"https:\/\/www.amarencogroup.com\/wp-content\/uploads\/2023\/05\/image004.jpg","width":1200,"height":1200},"datePublished":"2023-05-04T18:22:54+02:00","dateModified":"2025-05-26T15:47:49+02:00","inLanguage":"fr-FR","mainEntityOfPage":{"@id":"https:\/\/www.amarencogroup.com\/fr\/amarenco-acquiert-spectrum-international-une-societe-denergie-renouvelable-basee-en-jordanie\/#webpage"},"isPartOf":{"@id":"https:\/\/www.amarencogroup.com\/fr\/amarenco-acquiert-spectrum-international-une-societe-denergie-renouvelable-basee-en-jordanie\/#webpage"},"articleSection":"Cat\u00e9gorie 2, Facultatif"},{"@type":"BreadcrumbList","@id":"https:\/\/www.amarencogroup.com\/fr\/amarenco-acquiert-spectrum-international-une-societe-denergie-renouvelable-basee-en-jordanie\/#breadcrumblist","itemListElement":[{"@type":"ListItem","@id":"https:\/\/www.amarencogroup.com\/fr\/#listItem","position":1,"name":"Accueil","item":"https:\/\/www.amarencogroup.com\/fr\/","nextItem":{"@type":"ListItem","@id":"https:\/\/www.amarencogroup.com\/fr\/category\/categorie-2\/#listItem","name":"Cat\u00e9gorie 2"}},{"@type":"ListItem","@id":"https:\/\/www.amarencogroup.com\/fr\/category\/categorie-2\/#listItem","position":2,"name":"Cat\u00e9gorie 2","item":"https:\/\/www.amarencogroup.com\/fr\/category\/categorie-2\/","nextItem":{"@type":"ListItem","@id":"https:\/\/www.amarencogroup.com\/fr\/amarenco-acquiert-spectrum-international-une-societe-denergie-renouvelable-basee-en-jordanie\/#listItem","name":"Amarenco\u00a0acquiert\u00a0Spectrum International, une soci\u00e9t\u00e9 d\u2019\u00e9nergie renouvelable bas\u00e9e en Jordanie."},"previousItem":{"@type":"ListItem","@id":"https:\/\/www.amarencogroup.com\/fr\/#listItem","name":"Accueil"}},{"@type":"ListItem","@id":"https:\/\/www.amarencogroup.com\/fr\/amarenco-acquiert-spectrum-international-une-societe-denergie-renouvelable-basee-en-jordanie\/#listItem","position":3,"name":"Amarenco\u00a0acquiert\u00a0Spectrum International, une soci\u00e9t\u00e9 d\u2019\u00e9nergie renouvelable bas\u00e9e en Jordanie.","previousItem":{"@type":"ListItem","@id":"https:\/\/www.amarencogroup.com\/fr\/category\/categorie-2\/#listItem","name":"Cat\u00e9gorie 2"}}]},{"@type":"Organization","@id":"https:\/\/www.amarencogroup.com\/fr\/#organization","name":"Amarenco","description":"Producteur ind\u00e9pendant d'\u00e9nergie photovolta\u00efque","url":"https:\/\/www.amarencogroup.com\/fr\/","logo":{"@type":"ImageObject","url":"https:\/\/amarenco.manitoba.fr\/wp-content\/uploads\/2021\/09\/favicon.png","@id":"https:\/\/www.amarencogroup.com\/fr\/amarenco-acquiert-spectrum-international-une-societe-denergie-renouvelable-basee-en-jordanie\/#organizationLogo"},"image":{"@id":"https:\/\/www.amarencogroup.com\/fr\/amarenco-acquiert-spectrum-international-une-societe-denergie-renouvelable-basee-en-jordanie\/#organizationLogo"}},{"@type":"Person","@id":"https:\/\/www.amarencogroup.com\/fr\/author\/ecoberac\/#author","url":"https:\/\/www.amarencogroup.com\/fr\/author\/ecoberac\/","name":"Ecoberac","image":{"@type":"ImageObject","@id":"https:\/\/www.amarencogroup.com\/fr\/amarenco-acquiert-spectrum-international-une-societe-denergie-renouvelable-basee-en-jordanie\/#authorImage","url":"https:\/\/secure.gravatar.com\/avatar\/26e54ea21b37a778b05081011a1727a8a0e6298cd742bd8bd8338e015ee8a627?s=96&d=mm&r=g","width":96,"height":96,"caption":"Ecoberac"}},{"@type":"WebPage","@id":"https:\/\/www.amarencogroup.com\/fr\/amarenco-acquiert-spectrum-international-une-societe-denergie-renouvelable-basee-en-jordanie\/#webpage","url":"https:\/\/www.amarencogroup.com\/fr\/amarenco-acquiert-spectrum-international-une-societe-denergie-renouvelable-basee-en-jordanie\/","name":"Amarenco acquiert Spectrum International, une soci\u00e9t\u00e9 d\u2019\u00e9nergie renouvelable bas\u00e9e en Jordanie. - Amarenco","description":"Amarenco acquiert Spectrum International, une soci\u00e9t\u00e9 d\u2019\u00e9nergie renouvelable bas\u00e9e en Jordanie.","inLanguage":"fr-FR","isPartOf":{"@id":"https:\/\/www.amarencogroup.com\/fr\/#website"},"breadcrumb":{"@id":"https:\/\/www.amarencogroup.com\/fr\/amarenco-acquiert-spectrum-international-une-societe-denergie-renouvelable-basee-en-jordanie\/#breadcrumblist"},"author":{"@id":"https:\/\/www.amarencogroup.com\/fr\/author\/ecoberac\/#author"},"creator":{"@id":"https:\/\/www.amarencogroup.com\/fr\/author\/ecoberac\/#author"},"image":{"@type":"ImageObject","url":"https:\/\/www.amarencogroup.com\/wp-content\/uploads\/2023\/05\/image004.jpg","@id":"https:\/\/www.amarencogroup.com\/fr\/amarenco-acquiert-spectrum-international-une-societe-denergie-renouvelable-basee-en-jordanie\/#mainImage","width":1200,"height":1200},"primaryImageOfPage":{"@id":"https:\/\/www.amarencogroup.com\/fr\/amarenco-acquiert-spectrum-international-une-societe-denergie-renouvelable-basee-en-jordanie\/#mainImage"},"datePublished":"2023-05-04T18:22:54+02:00","dateModified":"2025-05-26T15:47:49+02:00"},{"@type":"WebSite","@id":"https:\/\/www.amarencogroup.com\/fr\/#website","url":"https:\/\/www.amarencogroup.com\/fr\/","name":"Amarenco","description":"Producteur ind\u00e9pendant d'\u00e9nergie photovolta\u00efque","inLanguage":"fr-FR","publisher":{"@id":"https:\/\/www.amarencogroup.com\/fr\/#organization"}}]},"og:locale":"fr_FR","og:site_name":"Amarenco - Producteur ind\u00e9pendant d'\u00e9nergie photovolta\u00efque","og:type":"article","og:title":"Amarenco acquiert Spectrum International, une soci\u00e9t\u00e9 d\u2019\u00e9nergie renouvelable bas\u00e9e en Jordanie. - Amarenco","og:description":"Amarenco acquiert Spectrum International, une soci\u00e9t\u00e9 d\u2019\u00e9nergie renouvelable bas\u00e9e en Jordanie.","og:url":"https:\/\/www.amarencogroup.com\/fr\/amarenco-acquiert-spectrum-international-une-societe-denergie-renouvelable-basee-en-jordanie\/","og:image":"https:\/\/amarenco.manitoba.fr\/wp-content\/uploads\/2021\/09\/header@2x-1.jpg","og:image:secure_url":"https:\/\/amarenco.manitoba.fr\/wp-content\/uploads\/2021\/09\/header@2x-1.jpg","article:published_time":"2023-05-04T16:22:54+00:00","article:modified_time":"2025-05-26T13:47:49+00:00","twitter:card":"summary","twitter:title":"Amarenco acquiert Spectrum International, une soci\u00e9t\u00e9 d\u2019\u00e9nergie renouvelable bas\u00e9e en Jordanie. - Amarenco","twitter:description":"Amarenco acquiert Spectrum International, une soci\u00e9t\u00e9 d\u2019\u00e9nergie renouvelable bas\u00e9e en Jordanie.","twitter:image":"https:\/\/amarenco.manitoba.fr\/wp-content\/uploads\/2021\/09\/header@2x-1.jpg"},"aioseo_meta_data":{"post_id":"5770","title":null,"description":null,"keywords":null,"keyphrases":{"focus":{"keyphrase":"","score":0,"analysis":{"keyphraseInTitle":{"score":0,"maxScore":9,"error":1}}},"additional":[]},"primary_term":null,"canonical_url":null,"og_title":null,"og_description":null,"og_object_type":"default","og_image_type":"default","og_image_url":null,"og_image_width":null,"og_image_height":null,"og_image_custom_url":null,"og_image_custom_fields":null,"og_video":"","og_custom_url":null,"og_article_section":null,"og_article_tags":null,"twitter_use_og":false,"twitter_card":"default","twitter_image_type":"default","twitter_image_url":null,"twitter_image_custom_url":null,"twitter_image_custom_fields":null,"twitter_title":null,"twitter_description":null,"schema":{"blockGraphs":[],"customGraphs":[],"default":{"data":{"Article":[],"Course":[],"Dataset":[],"FAQPage":[],"Movie":[],"Person":[],"Product":[],"ProductReview":[],"Car":[],"Recipe":[],"Service":[],"SoftwareApplication":[],"WebPage":[]},"graphName":"","isEnabled":true},"graphs":[]},"schema_type":"default","schema_type_options":null,"pillar_content":false,"robots_default":true,"robots_noindex":false,"robots_noarchive":false,"robots_nosnippet":false,"robots_nofollow":false,"robots_noimageindex":false,"robots_noodp":false,"robots_notranslate":false,"robots_max_snippet":"-1","robots_max_videopreview":"-1","robots_max_imagepreview":"large","priority":null,"frequency":"default","local_seo":null,"breadcrumb_settings":null,"limit_modified_date":false,"ai":null,"created":"2023-05-04 16:13:13","updated":"2025-06-04 04:35:45","seo_analyzer_scan_date":null,"focus_keyword":null,"additional_keywords":null,"truseo_locale":null},"aioseo_breadcrumb":"<div class=\"aioseo-breadcrumbs\"><span class=\"aioseo-breadcrumb\">\n\t\t\t<a href=\"https:\/\/www.amarencogroup.com\/fr\/\" title=\"Accueil\">Accueil<\/a>\n\t\t<\/span><span class=\"aioseo-breadcrumb-separator\">&raquo;<\/span><span class=\"aioseo-breadcrumb\">\n\t\t\t<a href=\"https:\/\/www.amarencogroup.com\/fr\/category\/categorie-2\/\" title=\"Cat\u00e9gorie 2\">Cat\u00e9gorie 2<\/a>\n\t\t<\/span><span class=\"aioseo-breadcrumb-separator\">&raquo;<\/span><span class=\"aioseo-breadcrumb\">\n\t\t\tAmarenco acquiert Spectrum International, une soci\u00e9t\u00e9 d\u2019\u00e9nergie renouvelable bas\u00e9e en Jordanie.\n\t\t<\/span><\/div>","aioseo_breadcrumb_json":[{"label":"Accueil","link":"https:\/\/www.amarencogroup.com\/fr\/"},{"label":"Cat\u00e9gorie 2","link":"https:\/\/www.amarencogroup.com\/fr\/category\/categorie-2\/"},{"label":"Amarenco\u00a0acquiert\u00a0Spectrum International, une soci\u00e9t\u00e9 d\u2019\u00e9nergie renouvelable bas\u00e9e en Jordanie.","link":"https:\/\/www.amarencogroup.com\/fr\/amarenco-acquiert-spectrum-international-une-societe-denergie-renouvelable-basee-en-jordanie\/"}],"_links":{"self":[{"href":"https:\/\/www.amarencogroup.com\/fr\/wp-json\/wp\/v2\/posts\/5770","targetHints":{"allow":["GET"]}}],"collection":[{"href":"https:\/\/www.amarencogroup.com\/fr\/wp-json\/wp\/v2\/posts"}],"about":[{"href":"https:\/\/www.amarencogroup.com\/fr\/wp-json\/wp\/v2\/types\/post"}],"author":[{"embeddable":true,"href":"https:\/\/www.amarencogroup.com\/fr\/wp-json\/wp\/v2\/users\/4"}],"replies":[{"embeddable":true,"href":"https:\/\/www.amarencogroup.com\/fr\/wp-json\/wp\/v2\/comments?post=5770"}],"version-history":[{"count":3,"href":"https:\/\/www.amarencogroup.com\/fr\/wp-json\/wp\/v2\/posts\/5770\/revisions"}],"predecessor-version":[{"id":5775,"href":"https:\/\/www.amarencogroup.com\/fr\/wp-json\/wp\/v2\/posts\/5770\/revisions\/5775"}],"wp:featuredmedia":[{"embeddable":true,"href":"https:\/\/www.amarencogroup.com\/fr\/wp-json\/wp\/v2\/media\/5771"}],"wp:attachment":[{"href":"https:\/\/www.amarencogroup.com\/fr\/wp-json\/wp\/v2\/media?parent=5770"}],"wp:term":[{"taxonomy":"category","embeddable":true,"href":"https:\/\/www.amarencogroup.com\/fr\/wp-json\/wp\/v2\/categories?post=5770"},{"taxonomy":"post_tag","embeddable":true,"href":"https:\/\/www.amarencogroup.com\/fr\/wp-json\/wp\/v2\/tags?post=5770"}],"curies":[{"name":"wp","href":"https:\/\/api.w.org\/{rel}","templated":true}]}}