{"id":7630,"date":"2024-04-26T15:57:35","date_gmt":"2024-04-26T13:57:35","guid":{"rendered":"https:\/\/www.amarencogroup.com\/?p=7630"},"modified":"2025-05-26T15:40:50","modified_gmt":"2025-05-26T13:40:50","slug":"amarenco-mag-la-ou-sexprime-la-regeneration","status":"publish","type":"post","link":"https:\/\/www.amarencogroup.com\/fr\/amarenco-mag-la-ou-sexprime-la-regeneration\/","title":{"rendered":"Amarenco Mag, l\u00e0 o\u00f9 s\u2019exprime la R\u00e9g\u00e9n\u00e9ration\u00a0!"},"content":{"rendered":"\n<div style=\"height:48px\" aria-hidden=\"true\" class=\"wp-block-spacer\"><\/div>\n\n\n\n<p><strong>\u00ab\u00a0Pour les territoires d&rsquo;outre-mer, l&rsquo;heure n&rsquo;est plus \u00e0 la contemplation, mais \u00e0 l&rsquo;action. Nous devons transformer les d\u00e9fis en opportunit\u00e9s, l&rsquo;isolement en force, et chaque projet en un pas en avant pour r\u00e9concilier l&rsquo;humanit\u00e9 avec sa seule et unique maison, la terre\u00a0\u00bb<\/strong><\/p>\n\n\n\n<p>C\u2019est par ces mots d\u2019introduction que nous souhaitons la Bienvenue \u00e0 notre mini Mag \u00ab\u00a0Invest in Regeneration\u00a0\u00bb qui porte la voix et le regard des territoires sur lesquels Amarenco est pr\u00e9sent. Son objectif est de faire savoir et de partager les r\u00e9alit\u00e9s et sp\u00e9cificit\u00e9s de ces r\u00e9gions en les conjuguant \u00e0 notre vision r\u00e9g\u00e9n\u00e9rative et l\u2019avanc\u00e9e des projets vitrines de ce mod\u00e8le \u00e9nerg\u00e9tique que nous souhaitons transformer. <\/p>\n\n\n\n<p>Le premier num\u00e9ro est consacr\u00e9 \u00e0 l\u2019Outre-mer \u00e0 travers la voix et le t\u00e9moignage de Laurent Pflumio. D\u2019autres ambassadeurs suivront bient\u00f4t. <\/p>\n\n\n\n<p>Nous esp\u00e9rons qu\u2019il confirmera \u00e0 nos collaborateurs et \u00e0 nos diff\u00e9rents publics tous les potentiels que l\u2019entreprise d\u00e9ploie pour accomplir au quotidien sa mission d\u2019acteur du changement. <\/p>\n\n\n\n<p>Bonnes d\u00e9couverte et lecture \u00e0 tous.<\/p>\n\n\n\n<p><\/p>\n\n\n\n<div data-wp-interactive=\"core\/file\" class=\"wp-block-file\"><object data-wp-bind--hidden=\"!state.hasPdfPreview\" hidden class=\"wp-block-file__embed\" data=\"https:\/\/www.amarencogroup.com\/wp-content\/uploads\/2024\/04\/AMARENCO_MAG_Fr1.pdf\" type=\"application\/pdf\" style=\"width:100%;height:600px\" aria-label=\"Contenu embarqu\u00e9 AMARENCO_MAG_Fr1.\"><\/object><a id=\"wp-block-file--media-53b8a67c-2865-4d51-bc23-ab820042aefc\" href=\"https:\/\/www.amarencogroup.com\/wp-content\/uploads\/2024\/04\/AMARENCO_MAG_Fr1.pdf\">AMARENCO_MAG_Fr1<\/a><a href=\"https:\/\/www.amarencogroup.com\/wp-content\/uploads\/2024\/04\/AMARENCO_MAG_Fr1.pdf\" class=\"wp-block-file__button wp-element-button\" download aria-describedby=\"wp-block-file--media-53b8a67c-2865-4d51-bc23-ab820042aefc\">T\u00e9l\u00e9charger<\/a><\/div>\n","protected":false},"excerpt":{"rendered":"<p>Bienvenue \u00e0 notre mini Mag \u00ab\u00a0Invest in Regeneration\u00a0\u00bb qui porte la voix et le regard des territoires sur lesquels Amarenco est pr\u00e9sent<\/p>\n","protected":false},"author":2,"featured_media":7643,"comment_status":"closed","ping_status":"closed","sticky":false,"template":"","format":"standard","meta":{"_acf_changed":false,"inline_featured_image":false,"footnotes":""},"categories":[33],"tags":[],"class_list":["post-7630","post","type-post","status-publish","format-standard","has-post-thumbnail","hentry","category-categorie-2"],"acf":[],"aioseo_notices":[],"_links":{"self":[{"href":"https:\/\/www.amarencogroup.com\/fr\/wp-json\/wp\/v2\/posts\/7630","targetHints":{"allow":["GET"]}}],"collection":[{"href":"https:\/\/www.amarencogroup.com\/fr\/wp-json\/wp\/v2\/posts"}],"about":[{"href":"https:\/\/www.amarencogroup.com\/fr\/wp-json\/wp\/v2\/types\/post"}],"author":[{"embeddable":true,"href":"https:\/\/www.amarencogroup.com\/fr\/wp-json\/wp\/v2\/users\/2"}],"replies":[{"embeddable":true,"href":"https:\/\/www.amarencogroup.com\/fr\/wp-json\/wp\/v2\/comments?post=7630"}],"version-history":[{"count":2,"href":"https:\/\/www.amarencogroup.com\/fr\/wp-json\/wp\/v2\/posts\/7630\/revisions"}],"predecessor-version":[{"id":7635,"href":"https:\/\/www.amarencogroup.com\/fr\/wp-json\/wp\/v2\/posts\/7630\/revisions\/7635"}],"wp:featuredmedia":[{"embeddable":true,"href":"https:\/\/www.amarencogroup.com\/fr\/wp-json\/wp\/v2\/media\/7643"}],"wp:attachment":[{"href":"https:\/\/www.amarencogroup.com\/fr\/wp-json\/wp\/v2\/media?parent=7630"}],"wp:term":[{"taxonomy":"category","embeddable":true,"href":"https:\/\/www.amarencogroup.com\/fr\/wp-json\/wp\/v2\/categories?post=7630"},{"taxonomy":"post_tag","embeddable":true,"href":"https:\/\/www.amarencogroup.com\/fr\/wp-json\/wp\/v2\/tags?post=7630"}],"curies":[{"name":"wp","href":"https:\/\/api.w.org\/{rel}","templated":true}]}}