{"id":8131,"date":"2024-10-07T09:10:13","date_gmt":"2024-10-07T07:10:13","guid":{"rendered":"https:\/\/www.amarencogroup.com\/?p=8131"},"modified":"2025-05-26T15:31:44","modified_gmt":"2025-05-26T13:31:44","slug":"amarenco-obtient-pres-de-30-mw-de-projets-solaires-en-irlande","status":"publish","type":"post","link":"https:\/\/www.amarencogroup.com\/fr\/amarenco-obtient-pres-de-30-mw-de-projets-solaires-en-irlande\/","title":{"rendered":"Amarenco obtient pr\u00e8s de 30 MW de projets solaires en Irlande"},"content":{"rendered":"\n<div style=\"height:48px\" aria-hidden=\"true\" class=\"wp-block-spacer\"><\/div>\n\n\n\n<p><strong>Amarenco a obtenu pr\u00e8s de 30 MW de projets solaires en Irlande gr\u00e2ce \u00e0 la vente aux ench\u00e8res RESS 4 ! <\/strong><\/p>\n\n\n\n<p>Nous sommes ravis d\u2019annoncer que nous avons remport\u00e9 5 nouveaux projets solaires dans le cadre du quatri\u00e8me programme de soutien \u00e0 l\u2019\u00e9lectricit\u00e9 renouvelable (RESS 4) de l\u2019Irlande, situ\u00e9s \u00e0 Midleton, Ennistymon, Cobh, Timoleague et Carrigaline, pour un total de 29,84 MW.<br>Cela fait suite \u00e0 notre pr\u00e9c\u00e9dent succ\u00e8s en obtenant 45 MW dans le cadre du RESS 2.<br><br>\ud83c\udf31 Le programme de soutien \u00e0 l\u2019\u00e9lectricit\u00e9 renouvelable (RESS), une initiative du gouvernement irlandais, est crucial pour atteindre l\u2019objectif de l\u2019Irlande de 80 % d\u2019\u00e9lectricit\u00e9 renouvelable d\u2019ici 2030. Le programme soutient non seulement les projets d\u2019\u00e9nergies renouvelables, mais constitue \u00e9galement une pierre angulaire du plan d\u2019action climatique 2021 de l\u2019Irlande et du programme gouvernemental.<br><br>Nous sommes ravis de contribuer \u00e0 un avenir plus vert, en aidant \u00e0 atteindre les objectifs climatiques ambitieux de l\u2019Irlande. Le RESS joue un r\u00f4le central dans l\u2019\u00e9tablissement des bases d\u2019un march\u00e9 de l\u2019\u00e9lectricit\u00e9 renouvelable prosp\u00e8re et rentable qui stimule la croissance \u00e9conomique, cr\u00e9e des emplois durables et, en fin de compte, profite aux consommateurs \u00e0 mesure que l\u2019\u00e9nergie renouvelable devient plus abordable.<br><br>Un merci sp\u00e9cial \u00e0 toute l\u2019\u00e9quipe d\u2019Amarenco Ireland pour leur incroyable soutien et leur d\u00e9vouement \u00e0 donner vie \u00e0 cet exploit !<br><br><\/p>\n\n\n\n<p><\/p>\n\n\n\n<p><\/p>\n","protected":false},"excerpt":{"rendered":"<p>Amarenco a obtenu pr\u00e8s de 30 MW de projets solaires en Irlande gr\u00e2ce \u00e0 la vente aux ench\u00e8res RESS 4 ! <\/p>\n","protected":false},"author":4,"featured_media":8134,"comment_status":"closed","ping_status":"closed","sticky":false,"template":"","format":"standard","meta":{"_acf_changed":false,"inline_featured_image":false,"footnotes":""},"categories":[33],"tags":[],"class_list":["post-8131","post","type-post","status-publish","format-standard","has-post-thumbnail","hentry","category-categorie-2"],"acf":[],"aioseo_notices":[],"_links":{"self":[{"href":"https:\/\/www.amarencogroup.com\/fr\/wp-json\/wp\/v2\/posts\/8131","targetHints":{"allow":["GET"]}}],"collection":[{"href":"https:\/\/www.amarencogroup.com\/fr\/wp-json\/wp\/v2\/posts"}],"about":[{"href":"https:\/\/www.amarencogroup.com\/fr\/wp-json\/wp\/v2\/types\/post"}],"author":[{"embeddable":true,"href":"https:\/\/www.amarencogroup.com\/fr\/wp-json\/wp\/v2\/users\/4"}],"replies":[{"embeddable":true,"href":"https:\/\/www.amarencogroup.com\/fr\/wp-json\/wp\/v2\/comments?post=8131"}],"version-history":[{"count":2,"href":"https:\/\/www.amarencogroup.com\/fr\/wp-json\/wp\/v2\/posts\/8131\/revisions"}],"predecessor-version":[{"id":8137,"href":"https:\/\/www.amarencogroup.com\/fr\/wp-json\/wp\/v2\/posts\/8131\/revisions\/8137"}],"wp:featuredmedia":[{"embeddable":true,"href":"https:\/\/www.amarencogroup.com\/fr\/wp-json\/wp\/v2\/media\/8134"}],"wp:attachment":[{"href":"https:\/\/www.amarencogroup.com\/fr\/wp-json\/wp\/v2\/media?parent=8131"}],"wp:term":[{"taxonomy":"category","embeddable":true,"href":"https:\/\/www.amarencogroup.com\/fr\/wp-json\/wp\/v2\/categories?post=8131"},{"taxonomy":"post_tag","embeddable":true,"href":"https:\/\/www.amarencogroup.com\/fr\/wp-json\/wp\/v2\/tags?post=8131"}],"curies":[{"name":"wp","href":"https:\/\/api.w.org\/{rel}","templated":true}]}}