{"id":8629,"date":"2025-07-16T09:02:20","date_gmt":"2025-07-16T07:02:20","guid":{"rendered":"https:\/\/www.amarencogroup.com\/?p=8629"},"modified":"2025-07-16T09:02:22","modified_gmt":"2025-07-16T07:02:22","slug":"evolution-de-notre-gouvernance","status":"publish","type":"post","link":"https:\/\/www.amarencogroup.com\/fr\/evolution-de-notre-gouvernance\/","title":{"rendered":"Evolution de notre Gouvernance !"},"content":{"rendered":"\n<div style=\"height:48px\" aria-hidden=\"true\" class=\"wp-block-spacer\"><\/div>\n\n\n\n<p class=\"wp-block-paragraph\"><\/p>\n\n\n\n<p class=\"wp-block-paragraph\"><strong><strong>Amarenco fait \u00e9voluer sa gouvernance pour soutenir sa feuille de route strat\u00e9gique et r\u00e9g\u00e9n\u00e9rative : Alain Desvigne devient Pr\u00e9sident et Fr\u00e9d\u00e9ric Maenhaut est nomm\u00e9 Directeur G\u00e9n\u00e9ral\u00a0<\/strong><br><br>Dans un contexte de transformation profonde du mod\u00e8le \u00e9nerg\u00e9tique europ\u00e9en et fort de sa feuille de route d\u00e9voil\u00e9e en septembre 2024, Amarenco, l\u2019un des acteurs incontournables de la production et du stockage d&rsquo;\u00e9nergie renouvelable en France, Irlande, Portugal, Espagne et Autriche, adapte sa gouvernance afin de soutenir pleinement ses ambitions de croissance durable et de r\u00e9g\u00e9n\u00e9ration.\u00a0<\/strong><br>\u00a0<br>Afin de r\u00e9pondre aux besoins croissants de l\u2019ensemble de ses parties prenantes \u2014 internes comme externes \u2014 de poursuivre la transition d\u2019une gouvernance port\u00e9e par ses co-fondateurs vers une approche plus structurelle et collaborative, reposant sur son \u00e9quipe de management et impliquant plus largement l\u2019ensemble de ses collaborateurs, et d\u2019accompagner son ambition d\u2019acc\u00e9l\u00e9rer sa trajectoire r\u00e9g\u00e9n\u00e9rative, Amarenco annonce une nouvelle gouvernance ex\u00e9cutive.<\/p>\n\n\n\n<figure class=\"wp-block-embed\"><div class=\"wp-block-embed__wrapper\">\nhttps:\/\/www.linkedin.com\/posts\/amarenco_investinregeneration-activity-7348972893675880449-MNIu?utm_source=share&#038;utm_medium=member_desktop&#038;rcm=ACoAAASqBDUBwkP9cQueEQqO-rRBcReNztwDUlg\n<\/div><\/figure>\n\n\n\n<p class=\"wp-block-paragraph\"><\/p>\n\n\n\n<p class=\"wp-block-paragraph\"><\/p>\n","protected":false},"excerpt":{"rendered":"<p>Amarenco fait \u00e9voluer sa gouvernance pour soutenir sa feuille de route strat\u00e9gique et r\u00e9g\u00e9n\u00e9rative : Alain Desvigne devient Pr\u00e9sident et Fr\u00e9d\u00e9ric Maenhaut est nomm\u00e9 Directeur G\u00e9n\u00e9ral\u00a0<\/p>\n","protected":false},"author":4,"featured_media":8630,"comment_status":"closed","ping_status":"closed","sticky":false,"template":"","format":"standard","meta":{"_acf_changed":false,"inline_featured_image":false,"footnotes":""},"categories":[31],"tags":[],"class_list":["post-8629","post","type-post","status-publish","format-standard","has-post-thumbnail","hentry","category-a-la-une"],"acf":[],"aioseo_notices":[],"aioseo_head":"\n\t\t<!-- All in One SEO 5.0.1.1 - aioseo.com -->\n\t<meta name=\"description\" content=\"Amarenco fait \u00e9voluer sa gouvernance pour soutenir sa feuille de route strat\u00e9gique et r\u00e9g\u00e9n\u00e9rative : Alain Desvigne devient Pr\u00e9sident et Fr\u00e9d\u00e9ric Maenhaut est nomm\u00e9 Directeur G\u00e9n\u00e9ral\" \/>\n\t<meta name=\"robots\" content=\"max-image-preview:large\" \/>\n\t<meta name=\"author\" content=\"Ecoberac\"\/>\n\t<link rel=\"canonical\" href=\"https:\/\/www.amarencogroup.com\/fr\/evolution-de-notre-gouvernance\/\" \/>\n\t<meta name=\"generator\" content=\"All in One SEO (AIOSEO) 5.0.1.1\" \/>\n\t\t<meta property=\"og:locale\" content=\"fr_FR\" \/>\n\t\t<meta property=\"og:site_name\" content=\"Amarenco - Producteur ind\u00e9pendant d&#039;\u00e9nergie photovolta\u00efque\" \/>\n\t\t<meta property=\"og:type\" content=\"article\" \/>\n\t\t<meta property=\"og:title\" content=\"Evolution de notre Gouvernance ! - Amarenco\" \/>\n\t\t<meta property=\"og:description\" content=\"Amarenco fait \u00e9voluer sa gouvernance pour soutenir sa feuille de route strat\u00e9gique et r\u00e9g\u00e9n\u00e9rative : Alain Desvigne devient Pr\u00e9sident et Fr\u00e9d\u00e9ric Maenhaut est nomm\u00e9 Directeur G\u00e9n\u00e9ral\" \/>\n\t\t<meta property=\"og:url\" content=\"https:\/\/www.amarencogroup.com\/fr\/evolution-de-notre-gouvernance\/\" \/>\n\t\t<meta property=\"og:image\" content=\"https:\/\/amarenco.manitoba.fr\/wp-content\/uploads\/2021\/09\/header@2x-1.jpg\" \/>\n\t\t<meta property=\"og:image:secure_url\" content=\"https:\/\/amarenco.manitoba.fr\/wp-content\/uploads\/2021\/09\/header@2x-1.jpg\" \/>\n\t\t<meta property=\"article:published_time\" content=\"2025-07-16T07:02:20+00:00\" \/>\n\t\t<meta property=\"article:modified_time\" content=\"2025-07-16T07:02:22+00:00\" \/>\n\t\t<meta name=\"twitter:card\" content=\"summary\" \/>\n\t\t<meta name=\"twitter:title\" content=\"Evolution de notre Gouvernance ! - Amarenco\" \/>\n\t\t<meta name=\"twitter:description\" content=\"Amarenco fait \u00e9voluer sa gouvernance pour soutenir sa feuille de route strat\u00e9gique et r\u00e9g\u00e9n\u00e9rative : Alain Desvigne devient Pr\u00e9sident et Fr\u00e9d\u00e9ric Maenhaut est nomm\u00e9 Directeur G\u00e9n\u00e9ral\" \/>\n\t\t<meta name=\"twitter:image\" content=\"https:\/\/amarenco.manitoba.fr\/wp-content\/uploads\/2021\/09\/header@2x-1.jpg\" \/>\n\t\t<script type=\"application\/ld+json\" class=\"aioseo-schema\">\n\t\t\t{\"@context\":\"https:\\\/\\\/schema.org\",\"@graph\":[{\"@type\":\"BlogPosting\",\"@id\":\"https:\\\/\\\/www.amarencogroup.com\\\/fr\\\/evolution-de-notre-gouvernance\\\/#blogposting\",\"name\":\"Evolution de notre Gouvernance ! - Amarenco\",\"headline\":\"Evolution de notre Gouvernance !\",\"author\":{\"@id\":\"https:\\\/\\\/www.amarencogroup.com\\\/fr\\\/author\\\/ecoberac\\\/#author\"},\"publisher\":{\"@id\":\"https:\\\/\\\/www.amarencogroup.com\\\/fr\\\/#organization\"},\"image\":{\"@type\":\"ImageObject\",\"url\":\"https:\\\/\\\/www.amarencogroup.com\\\/wp-content\\\/uploads\\\/2025\\\/07\\\/Capture-decran-2025-07-08-a-09.04.49.jpg\",\"width\":1920,\"height\":736},\"datePublished\":\"2025-07-16T09:02:20+02:00\",\"dateModified\":\"2025-07-16T09:02:22+02:00\",\"inLanguage\":\"fr-FR\",\"mainEntityOfPage\":{\"@id\":\"https:\\\/\\\/www.amarencogroup.com\\\/fr\\\/evolution-de-notre-gouvernance\\\/#webpage\"},\"isPartOf\":{\"@id\":\"https:\\\/\\\/www.amarencogroup.com\\\/fr\\\/evolution-de-notre-gouvernance\\\/#webpage\"},\"articleSection\":\"\\u00c0 la une, Facultatif\"},{\"@type\":\"BreadcrumbList\",\"@id\":\"https:\\\/\\\/www.amarencogroup.com\\\/fr\\\/evolution-de-notre-gouvernance\\\/#breadcrumblist\",\"itemListElement\":[{\"@type\":\"ListItem\",\"@id\":\"https:\\\/\\\/www.amarencogroup.com\\\/fr\\\/#listItem\",\"position\":1,\"name\":\"Accueil\",\"item\":\"https:\\\/\\\/www.amarencogroup.com\\\/fr\\\/\",\"nextItem\":{\"@type\":\"ListItem\",\"@id\":\"https:\\\/\\\/www.amarencogroup.com\\\/fr\\\/category\\\/a-la-une\\\/#listItem\",\"name\":\"\\u00c0 la une\"}},{\"@type\":\"ListItem\",\"@id\":\"https:\\\/\\\/www.amarencogroup.com\\\/fr\\\/category\\\/a-la-une\\\/#listItem\",\"position\":2,\"name\":\"\\u00c0 la une\",\"item\":\"https:\\\/\\\/www.amarencogroup.com\\\/fr\\\/category\\\/a-la-une\\\/\",\"nextItem\":{\"@type\":\"ListItem\",\"@id\":\"https:\\\/\\\/www.amarencogroup.com\\\/fr\\\/evolution-de-notre-gouvernance\\\/#listItem\",\"name\":\"Evolution de notre Gouvernance !\"},\"previousItem\":{\"@type\":\"ListItem\",\"@id\":\"https:\\\/\\\/www.amarencogroup.com\\\/fr\\\/#listItem\",\"name\":\"Accueil\"}},{\"@type\":\"ListItem\",\"@id\":\"https:\\\/\\\/www.amarencogroup.com\\\/fr\\\/evolution-de-notre-gouvernance\\\/#listItem\",\"position\":3,\"name\":\"Evolution de notre Gouvernance !\",\"previousItem\":{\"@type\":\"ListItem\",\"@id\":\"https:\\\/\\\/www.amarencogroup.com\\\/fr\\\/category\\\/a-la-une\\\/#listItem\",\"name\":\"\\u00c0 la une\"}}]},{\"@type\":\"Organization\",\"@id\":\"https:\\\/\\\/www.amarencogroup.com\\\/fr\\\/#organization\",\"name\":\"Amarenco\",\"description\":\"Producteur ind\\u00e9pendant d'\\u00e9nergie photovolta\\u00efque\",\"url\":\"https:\\\/\\\/www.amarencogroup.com\\\/fr\\\/\",\"logo\":{\"@type\":\"ImageObject\",\"url\":\"https:\\\/\\\/amarenco.manitoba.fr\\\/wp-content\\\/uploads\\\/2021\\\/09\\\/favicon.png\",\"@id\":\"https:\\\/\\\/www.amarencogroup.com\\\/fr\\\/evolution-de-notre-gouvernance\\\/#organizationLogo\"},\"image\":{\"@id\":\"https:\\\/\\\/www.amarencogroup.com\\\/fr\\\/evolution-de-notre-gouvernance\\\/#organizationLogo\"}},{\"@type\":\"Person\",\"@id\":\"https:\\\/\\\/www.amarencogroup.com\\\/fr\\\/author\\\/ecoberac\\\/#author\",\"url\":\"https:\\\/\\\/www.amarencogroup.com\\\/fr\\\/author\\\/ecoberac\\\/\",\"name\":\"Ecoberac\",\"image\":{\"@type\":\"ImageObject\",\"@id\":\"https:\\\/\\\/www.amarencogroup.com\\\/fr\\\/evolution-de-notre-gouvernance\\\/#authorImage\",\"url\":\"https:\\\/\\\/secure.gravatar.com\\\/avatar\\\/26e54ea21b37a778b05081011a1727a8a0e6298cd742bd8bd8338e015ee8a627?s=96&d=mm&r=g\",\"width\":96,\"height\":96,\"caption\":\"Ecoberac\"}},{\"@type\":\"WebPage\",\"@id\":\"https:\\\/\\\/www.amarencogroup.com\\\/fr\\\/evolution-de-notre-gouvernance\\\/#webpage\",\"url\":\"https:\\\/\\\/www.amarencogroup.com\\\/fr\\\/evolution-de-notre-gouvernance\\\/\",\"name\":\"Evolution de notre Gouvernance ! - Amarenco\",\"description\":\"Amarenco fait \\u00e9voluer sa gouvernance pour soutenir sa feuille de route strat\\u00e9gique et r\\u00e9g\\u00e9n\\u00e9rative : Alain Desvigne devient Pr\\u00e9sident et Fr\\u00e9d\\u00e9ric Maenhaut est nomm\\u00e9 Directeur G\\u00e9n\\u00e9ral\",\"inLanguage\":\"fr-FR\",\"isPartOf\":{\"@id\":\"https:\\\/\\\/www.amarencogroup.com\\\/fr\\\/#website\"},\"breadcrumb\":{\"@id\":\"https:\\\/\\\/www.amarencogroup.com\\\/fr\\\/evolution-de-notre-gouvernance\\\/#breadcrumblist\"},\"author\":{\"@id\":\"https:\\\/\\\/www.amarencogroup.com\\\/fr\\\/author\\\/ecoberac\\\/#author\"},\"creator\":{\"@id\":\"https:\\\/\\\/www.amarencogroup.com\\\/fr\\\/author\\\/ecoberac\\\/#author\"},\"image\":{\"@type\":\"ImageObject\",\"url\":\"https:\\\/\\\/www.amarencogroup.com\\\/wp-content\\\/uploads\\\/2025\\\/07\\\/Capture-decran-2025-07-08-a-09.04.49.jpg\",\"@id\":\"https:\\\/\\\/www.amarencogroup.com\\\/fr\\\/evolution-de-notre-gouvernance\\\/#mainImage\",\"width\":1920,\"height\":736},\"primaryImageOfPage\":{\"@id\":\"https:\\\/\\\/www.amarencogroup.com\\\/fr\\\/evolution-de-notre-gouvernance\\\/#mainImage\"},\"datePublished\":\"2025-07-16T09:02:20+02:00\",\"dateModified\":\"2025-07-16T09:02:22+02:00\"},{\"@type\":\"WebSite\",\"@id\":\"https:\\\/\\\/www.amarencogroup.com\\\/fr\\\/#website\",\"url\":\"https:\\\/\\\/www.amarencogroup.com\\\/fr\\\/\",\"name\":\"Amarenco\",\"description\":\"Producteur ind\\u00e9pendant d'\\u00e9nergie photovolta\\u00efque\",\"inLanguage\":\"fr-FR\",\"publisher\":{\"@id\":\"https:\\\/\\\/www.amarencogroup.com\\\/fr\\\/#organization\"}}]}\n\t\t<\/script>\n\t\t<!-- All in One SEO -->\n\n","aioseo_head_json":{"title":"Evolution de notre Gouvernance ! - Amarenco","description":"Amarenco fait \u00e9voluer sa gouvernance pour soutenir sa feuille de route strat\u00e9gique et r\u00e9g\u00e9n\u00e9rative : Alain Desvigne devient Pr\u00e9sident et Fr\u00e9d\u00e9ric Maenhaut est nomm\u00e9 Directeur G\u00e9n\u00e9ral","canonical_url":"https:\/\/www.amarencogroup.com\/fr\/evolution-de-notre-gouvernance\/","robots":"max-image-preview:large","keywords":"","webmasterTools":{"miscellaneous":""},"schema":{"@context":"https:\/\/schema.org","@graph":[{"@type":"BlogPosting","@id":"https:\/\/www.amarencogroup.com\/fr\/evolution-de-notre-gouvernance\/#blogposting","name":"Evolution de notre Gouvernance ! - Amarenco","headline":"Evolution de notre Gouvernance !","author":{"@id":"https:\/\/www.amarencogroup.com\/fr\/author\/ecoberac\/#author"},"publisher":{"@id":"https:\/\/www.amarencogroup.com\/fr\/#organization"},"image":{"@type":"ImageObject","url":"https:\/\/www.amarencogroup.com\/wp-content\/uploads\/2025\/07\/Capture-decran-2025-07-08-a-09.04.49.jpg","width":1920,"height":736},"datePublished":"2025-07-16T09:02:20+02:00","dateModified":"2025-07-16T09:02:22+02:00","inLanguage":"fr-FR","mainEntityOfPage":{"@id":"https:\/\/www.amarencogroup.com\/fr\/evolution-de-notre-gouvernance\/#webpage"},"isPartOf":{"@id":"https:\/\/www.amarencogroup.com\/fr\/evolution-de-notre-gouvernance\/#webpage"},"articleSection":"\u00c0 la une, Facultatif"},{"@type":"BreadcrumbList","@id":"https:\/\/www.amarencogroup.com\/fr\/evolution-de-notre-gouvernance\/#breadcrumblist","itemListElement":[{"@type":"ListItem","@id":"https:\/\/www.amarencogroup.com\/fr\/#listItem","position":1,"name":"Accueil","item":"https:\/\/www.amarencogroup.com\/fr\/","nextItem":{"@type":"ListItem","@id":"https:\/\/www.amarencogroup.com\/fr\/category\/a-la-une\/#listItem","name":"\u00c0 la une"}},{"@type":"ListItem","@id":"https:\/\/www.amarencogroup.com\/fr\/category\/a-la-une\/#listItem","position":2,"name":"\u00c0 la une","item":"https:\/\/www.amarencogroup.com\/fr\/category\/a-la-une\/","nextItem":{"@type":"ListItem","@id":"https:\/\/www.amarencogroup.com\/fr\/evolution-de-notre-gouvernance\/#listItem","name":"Evolution de notre Gouvernance !"},"previousItem":{"@type":"ListItem","@id":"https:\/\/www.amarencogroup.com\/fr\/#listItem","name":"Accueil"}},{"@type":"ListItem","@id":"https:\/\/www.amarencogroup.com\/fr\/evolution-de-notre-gouvernance\/#listItem","position":3,"name":"Evolution de notre Gouvernance !","previousItem":{"@type":"ListItem","@id":"https:\/\/www.amarencogroup.com\/fr\/category\/a-la-une\/#listItem","name":"\u00c0 la une"}}]},{"@type":"Organization","@id":"https:\/\/www.amarencogroup.com\/fr\/#organization","name":"Amarenco","description":"Producteur ind\u00e9pendant d'\u00e9nergie photovolta\u00efque","url":"https:\/\/www.amarencogroup.com\/fr\/","logo":{"@type":"ImageObject","url":"https:\/\/amarenco.manitoba.fr\/wp-content\/uploads\/2021\/09\/favicon.png","@id":"https:\/\/www.amarencogroup.com\/fr\/evolution-de-notre-gouvernance\/#organizationLogo"},"image":{"@id":"https:\/\/www.amarencogroup.com\/fr\/evolution-de-notre-gouvernance\/#organizationLogo"}},{"@type":"Person","@id":"https:\/\/www.amarencogroup.com\/fr\/author\/ecoberac\/#author","url":"https:\/\/www.amarencogroup.com\/fr\/author\/ecoberac\/","name":"Ecoberac","image":{"@type":"ImageObject","@id":"https:\/\/www.amarencogroup.com\/fr\/evolution-de-notre-gouvernance\/#authorImage","url":"https:\/\/secure.gravatar.com\/avatar\/26e54ea21b37a778b05081011a1727a8a0e6298cd742bd8bd8338e015ee8a627?s=96&d=mm&r=g","width":96,"height":96,"caption":"Ecoberac"}},{"@type":"WebPage","@id":"https:\/\/www.amarencogroup.com\/fr\/evolution-de-notre-gouvernance\/#webpage","url":"https:\/\/www.amarencogroup.com\/fr\/evolution-de-notre-gouvernance\/","name":"Evolution de notre Gouvernance ! - Amarenco","description":"Amarenco fait \u00e9voluer sa gouvernance pour soutenir sa feuille de route strat\u00e9gique et r\u00e9g\u00e9n\u00e9rative : Alain Desvigne devient Pr\u00e9sident et Fr\u00e9d\u00e9ric Maenhaut est nomm\u00e9 Directeur G\u00e9n\u00e9ral","inLanguage":"fr-FR","isPartOf":{"@id":"https:\/\/www.amarencogroup.com\/fr\/#website"},"breadcrumb":{"@id":"https:\/\/www.amarencogroup.com\/fr\/evolution-de-notre-gouvernance\/#breadcrumblist"},"author":{"@id":"https:\/\/www.amarencogroup.com\/fr\/author\/ecoberac\/#author"},"creator":{"@id":"https:\/\/www.amarencogroup.com\/fr\/author\/ecoberac\/#author"},"image":{"@type":"ImageObject","url":"https:\/\/www.amarencogroup.com\/wp-content\/uploads\/2025\/07\/Capture-decran-2025-07-08-a-09.04.49.jpg","@id":"https:\/\/www.amarencogroup.com\/fr\/evolution-de-notre-gouvernance\/#mainImage","width":1920,"height":736},"primaryImageOfPage":{"@id":"https:\/\/www.amarencogroup.com\/fr\/evolution-de-notre-gouvernance\/#mainImage"},"datePublished":"2025-07-16T09:02:20+02:00","dateModified":"2025-07-16T09:02:22+02:00"},{"@type":"WebSite","@id":"https:\/\/www.amarencogroup.com\/fr\/#website","url":"https:\/\/www.amarencogroup.com\/fr\/","name":"Amarenco","description":"Producteur ind\u00e9pendant d'\u00e9nergie photovolta\u00efque","inLanguage":"fr-FR","publisher":{"@id":"https:\/\/www.amarencogroup.com\/fr\/#organization"}}]},"og:locale":"fr_FR","og:site_name":"Amarenco - Producteur ind\u00e9pendant d'\u00e9nergie photovolta\u00efque","og:type":"article","og:title":"Evolution de notre Gouvernance ! - Amarenco","og:description":"Amarenco fait \u00e9voluer sa gouvernance pour soutenir sa feuille de route strat\u00e9gique et r\u00e9g\u00e9n\u00e9rative : Alain Desvigne devient Pr\u00e9sident et Fr\u00e9d\u00e9ric Maenhaut est nomm\u00e9 Directeur G\u00e9n\u00e9ral","og:url":"https:\/\/www.amarencogroup.com\/fr\/evolution-de-notre-gouvernance\/","og:image":"https:\/\/amarenco.manitoba.fr\/wp-content\/uploads\/2021\/09\/header@2x-1.jpg","og:image:secure_url":"https:\/\/amarenco.manitoba.fr\/wp-content\/uploads\/2021\/09\/header@2x-1.jpg","article:published_time":"2025-07-16T07:02:20+00:00","article:modified_time":"2025-07-16T07:02:22+00:00","twitter:card":"summary","twitter:title":"Evolution de notre Gouvernance ! - Amarenco","twitter:description":"Amarenco fait \u00e9voluer sa gouvernance pour soutenir sa feuille de route strat\u00e9gique et r\u00e9g\u00e9n\u00e9rative : Alain Desvigne devient Pr\u00e9sident et Fr\u00e9d\u00e9ric Maenhaut est nomm\u00e9 Directeur G\u00e9n\u00e9ral","twitter:image":"https:\/\/amarenco.manitoba.fr\/wp-content\/uploads\/2021\/09\/header@2x-1.jpg"},"aioseo_meta_data":{"post_id":"8629","title":null,"description":null,"keywords":null,"keyphrases":{"focus":{"keyphrase":"","score":0,"analysis":{"keyphraseInTitle":{"score":0,"maxScore":9,"error":1}}},"additional":[]},"primary_term":null,"canonical_url":null,"og_title":null,"og_description":null,"og_object_type":"default","og_image_type":"default","og_image_url":null,"og_image_width":null,"og_image_height":null,"og_image_custom_url":null,"og_image_custom_fields":null,"og_video":"","og_custom_url":null,"og_article_section":null,"og_article_tags":null,"twitter_use_og":false,"twitter_card":"default","twitter_image_type":"default","twitter_image_url":null,"twitter_image_custom_url":null,"twitter_image_custom_fields":null,"twitter_title":null,"twitter_description":null,"schema":{"blockGraphs":[],"customGraphs":[],"default":{"data":{"Article":[],"Course":[],"Dataset":[],"FAQPage":[],"Movie":[],"Person":[],"Product":[],"ProductReview":[],"Car":[],"Recipe":[],"Service":[],"SoftwareApplication":[],"WebPage":[]},"graphName":"BlogPosting","isEnabled":true},"graphs":[]},"schema_type":"default","schema_type_options":null,"pillar_content":false,"robots_default":true,"robots_noindex":false,"robots_noarchive":false,"robots_nosnippet":false,"robots_nofollow":false,"robots_noimageindex":false,"robots_noodp":false,"robots_notranslate":false,"robots_max_snippet":"-1","robots_max_videopreview":"-1","robots_max_imagepreview":"large","priority":null,"frequency":"default","local_seo":null,"breadcrumb_settings":null,"limit_modified_date":false,"ai":{"faqs":[],"keyPoints":[],"titles":[],"descriptions":[],"socialPosts":{"email":[],"linkedin":[],"twitter":[],"facebook":[],"instagram":[]}},"created":"2025-07-16 07:01:34","updated":"2025-07-16 07:03:41","seo_analyzer_scan_date":null,"focus_keyword":null,"additional_keywords":null,"truseo_locale":null},"aioseo_breadcrumb":"<div class=\"aioseo-breadcrumbs\"><span class=\"aioseo-breadcrumb\">\n\t\t\t<a href=\"https:\/\/www.amarencogroup.com\/fr\/\" title=\"Accueil\">Accueil<\/a>\n\t\t<\/span><span class=\"aioseo-breadcrumb-separator\">&raquo;<\/span><span class=\"aioseo-breadcrumb\">\n\t\t\t<a href=\"https:\/\/www.amarencogroup.com\/fr\/category\/a-la-une\/\" title=\"\u00c0 la une\">\u00c0 la une<\/a>\n\t\t<\/span><span class=\"aioseo-breadcrumb-separator\">&raquo;<\/span><span class=\"aioseo-breadcrumb\">\n\t\t\tEvolution de notre Gouvernance !\n\t\t<\/span><\/div>","aioseo_breadcrumb_json":[{"label":"Accueil","link":"https:\/\/www.amarencogroup.com\/fr\/"},{"label":"\u00c0 la une","link":"https:\/\/www.amarencogroup.com\/fr\/category\/a-la-une\/"},{"label":"Evolution de notre Gouvernance !","link":"https:\/\/www.amarencogroup.com\/fr\/evolution-de-notre-gouvernance\/"}],"_links":{"self":[{"href":"https:\/\/www.amarencogroup.com\/fr\/wp-json\/wp\/v2\/posts\/8629","targetHints":{"allow":["GET"]}}],"collection":[{"href":"https:\/\/www.amarencogroup.com\/fr\/wp-json\/wp\/v2\/posts"}],"about":[{"href":"https:\/\/www.amarencogroup.com\/fr\/wp-json\/wp\/v2\/types\/post"}],"author":[{"embeddable":true,"href":"https:\/\/www.amarencogroup.com\/fr\/wp-json\/wp\/v2\/users\/4"}],"replies":[{"embeddable":true,"href":"https:\/\/www.amarencogroup.com\/fr\/wp-json\/wp\/v2\/comments?post=8629"}],"version-history":[{"count":1,"href":"https:\/\/www.amarencogroup.com\/fr\/wp-json\/wp\/v2\/posts\/8629\/revisions"}],"predecessor-version":[{"id":8632,"href":"https:\/\/www.amarencogroup.com\/fr\/wp-json\/wp\/v2\/posts\/8629\/revisions\/8632"}],"wp:featuredmedia":[{"embeddable":true,"href":"https:\/\/www.amarencogroup.com\/fr\/wp-json\/wp\/v2\/media\/8630"}],"wp:attachment":[{"href":"https:\/\/www.amarencogroup.com\/fr\/wp-json\/wp\/v2\/media?parent=8629"}],"wp:term":[{"taxonomy":"category","embeddable":true,"href":"https:\/\/www.amarencogroup.com\/fr\/wp-json\/wp\/v2\/categories?post=8629"},{"taxonomy":"post_tag","embeddable":true,"href":"https:\/\/www.amarencogroup.com\/fr\/wp-json\/wp\/v2\/tags?post=8629"}],"curies":[{"name":"wp","href":"https:\/\/api.w.org\/{rel}","templated":true}]}}